{"id":431104,"date":"2026-06-26T10:34:13","date_gmt":"2026-06-26T10:34:13","guid":{"rendered":"https:\/\/www.europesays.com\/pt\/431104\/"},"modified":"2026-06-26T10:34:13","modified_gmt":"2026-06-26T10:34:13","slug":"em-40-anos-de-carreira-nanci-araujo-se-revela-uma-voz-alem-da-musica","status":"publish","type":"post","link":"https:\/\/www.europesays.com\/pt\/431104\/","title":{"rendered":"Em 40 anos de carreira, Nanci Ara\u00fajo se revela uma voz al\u00e9m da m\u00fasica"},"content":{"rendered":"<p>\n                                                                                                            Sobre uma das quatro escadarias do Viaduto Ot\u00e1vio Rocha, no Centro Hist\u00f3rico de<strong> Porto\u00a0Alegre<\/strong>, o mesmo apartamento de um pr\u00e9dio na avenida Borges de Medeiros abriga quatro\u00a0mulheres talentosas, carism\u00e1ticas e de forte personalidade. Uma \u00e9 <strong>cantora<\/strong>. A outra, <strong>professora<\/strong>. J\u00e1 a terceira atua como <strong>empreendedora<\/strong>, enquanto a quarta exerce papel de\u00a0destaque como <strong>ativista cultural e social<\/strong>. Todas completaram 63 anos em 16 de junho de <strong>2026<\/strong>,\u00a0t\u00eam trajet\u00f3rias sublinhadas pela resist\u00eancia e se fundem na mesma figura: Nanci Ara\u00fajo, nome\u00a0marcante na cidade ao longo das \u00faltimas quatro d\u00e9cadas.\u00a0                                                                                                    <\/p>\n<p>Continue sua leitura, escolha seu plano agora!<\/p>\n","protected":false},"excerpt":{"rendered":"Sobre uma das quatro escadarias do Viaduto Ot\u00e1vio Rocha, no Centro Hist\u00f3rico de Porto\u00a0Alegre, o mesmo apartamento de&hellip;\n","protected":false},"author":2,"featured_media":431105,"comment_status":"","ping_status":"","sticky":false,"template":"","format":"standard","meta":{"footnotes":"","_share_on_mastodon":"0"},"categories":[145],"tags":[69847,1640,211,210,69849,69850,11569,315,69855,2023,69846,3765,114,115,69848,29497,69852,3015,69854,69851,6050,339,2879,32,69853,316,33],"class_list":["post-431104","post","type-post","status-publish","format-standard","has-post-thumbnail","category-celebridades","tag-ativista-cultural-e-social","tag-cantora","tag-celebridades","tag-celebrities","tag-companhia-de-arte","tag-coompor-canta-lupi","tag-covid","tag-cultura","tag-economia-solidu00e1ria","tag-educau00e7u00e3o","tag-empreendedora","tag-empreendedorismo","tag-entertainment","tag-entretenimento","tag-estu00e1dio-beira-rio","tag-farroupilha","tag-fumproarte","tag-inter","tag-licenciatura-em-mu00fasica","tag-lp","tag-mpb","tag-mu00fasica","tag-pneumonia","tag-portugal","tag-produu00e7u00e3o-audiovisual","tag-professora","tag-pt"],"share_on_mastodon":{"url":"https:\/\/pubeurope.com\/@pt\/116815964847276294","error":""},"_links":{"self":[{"href":"https:\/\/www.europesays.com\/pt\/wp-json\/wp\/v2\/posts\/431104","targetHints":{"allow":["GET"]}}],"collection":[{"href":"https:\/\/www.europesays.com\/pt\/wp-json\/wp\/v2\/posts"}],"about":[{"href":"https:\/\/www.europesays.com\/pt\/wp-json\/wp\/v2\/types\/post"}],"author":[{"embeddable":true,"href":"https:\/\/www.europesays.com\/pt\/wp-json\/wp\/v2\/users\/2"}],"replies":[{"embeddable":true,"href":"https:\/\/www.europesays.com\/pt\/wp-json\/wp\/v2\/comments?post=431104"}],"version-history":[{"count":0,"href":"https:\/\/www.europesays.com\/pt\/wp-json\/wp\/v2\/posts\/431104\/revisions"}],"wp:featuredmedia":[{"embeddable":true,"href":"https:\/\/www.europesays.com\/pt\/wp-json\/wp\/v2\/media\/431105"}],"wp:attachment":[{"href":"https:\/\/www.europesays.com\/pt\/wp-json\/wp\/v2\/media?parent=431104"}],"wp:term":[{"taxonomy":"category","embeddable":true,"href":"https:\/\/www.europesays.com\/pt\/wp-json\/wp\/v2\/categories?post=431104"},{"taxonomy":"post_tag","embeddable":true,"href":"https:\/\/www.europesays.com\/pt\/wp-json\/wp\/v2\/tags?post=431104"}],"curies":[{"name":"wp","href":"https:\/\/api.w.org\/{rel}","templated":true}]}}