{"id":43117,"date":"2025-08-24T16:59:06","date_gmt":"2025-08-24T16:59:06","guid":{"rendered":"https:\/\/www.europesays.com\/pt\/43117\/"},"modified":"2025-08-24T16:59:06","modified_gmt":"2025-08-24T16:59:06","slug":"danca-dos-famosos-vou-surpreender-diz-nicole-bahls-24-08-2025-celebridades","status":"publish","type":"post","link":"https:\/\/www.europesays.com\/pt\/43117\/","title":{"rendered":"Dan\u00e7a dos Famosos: Vou surpreender, diz Nicole Bahls &#8211; 24\/08\/2025 &#8211; Celebridades"},"content":{"rendered":"<p>\n<strong class=\"c-signature__location\">S\u00e3o Paulo<\/strong>\n<\/p>\n<p>Um dia para se esquecer. \u00c9 dessa forma que a modelo e apresentadora <a href=\"https:\/\/f5.folha.uol.com.br\/celebridades\/2025\/08\/nicole-bahls-se-pronuncia-apos-erro-na-estreia-do-danca-dos-famosos.shtml\" rel=\"nofollow noopener\" target=\"\">Nicole Bahls<\/a>, 39, se refere \u00e0 sua primeira apresenta\u00e7\u00e3o no <a href=\"https:\/\/f5.folha.uol.com.br\/televisao\/2025\/08\/danca-dos-famosos-2025-conheca-os-participantes-da-edicao.shtml\" rel=\"nofollow noopener\" target=\"\">Dan\u00e7a dos Famosos<\/a>, quadro do Doming\u00e3o com Huck (<a href=\"https:\/\/www1.folha.uol.com.br\/folha-topicos\/globo\/\" rel=\"nofollow noopener\" target=\"_blank\">Globo<\/a>).<\/p>\n<p>Quem viu, percebeu: ela parecia dispersa e n\u00e3o acompanhava os movimentos dos demais colegas com quem dividia o palco. Resultado: recebeu cr\u00edticas, virou meme, teve tremedeira no ar e, na sequ\u00eancia, uma crise de choro no camarim.<\/p>\n<p>&#8220;Chorei muito com os erros, me senti culpada por ter prejudicado o grupo todo. Sempre gostei de ajudar e fazer o bem, e naquele momento percebi que tinha feito o mal. Mas todos da equipe me acudiram e aceitaram, entenderam&#8221;, diz a modelo, que afirma nunca ter dan\u00e7ado na vida. &#8220;S\u00f3 no Carnaval, n\u00e9, amigo&#8221;, refor\u00e7a.<\/p>\n<p>Nicole demorou tr\u00eas anos para aceitar o convite para a competi\u00e7\u00e3o justamente por ter consci\u00eancia da sua falta de habilidade. Ela conta que, oficialmente, alegou falta de espa\u00e7o na agenda para declinar pela primeira vez, em 2023. Na verdade, sentia-se insegura.<\/p>\n<p>Este ano topou o desafio e, j\u00e1 na segunda apresenta\u00e7\u00e3o, que foi ao ar no programa do \u00faltimo domingo (17), demonstrou evolu\u00e7\u00e3o e foi elogiada pelos jurados. &#8220;Tragam a Nicole de volta&#8221;, bradou <a href=\"https:\/\/f5.folha.uol.com.br\/televisao\/2025\/07\/milton-cunha-e-o-novo-jurado-tecnico-da-danca-dos-famosos.shtml\" rel=\"nofollow noopener\" target=\"\">Milton Cunha<\/a>, numa refer\u00eancia \u00e0 diferen\u00e7a entre a Nicole da primeira exibi\u00e7\u00e3o e a da segunda, de desempenho bem superior.<\/p>\n<p>Evoluir n\u00e3o est\u00e1 sendo f\u00e1cil. &#8220;A rotina \u00e9 de ensaios quatro vezes por semana e oito horas di\u00e1rias de dan\u00e7a&#8221;, conta ela, que ter ficado surpresa com sua pr\u00f3pria performance. &#8220;Basta ter for\u00e7a de vontade e o suporte dos professores para me sentir mais \u00e0 vontade. Estou aprendendo e memorizando mais, mas tenho um delay que \u00e9 dif\u00edcil&#8221;, brinca.<\/p>\n<p>A modelo diz se sentir mais confiante ao dan\u00e7ar samba, sertanejo e country. J\u00e1 o tango permeia seus mais recentes pesadelos. &#8220;N\u00e3o quero nem ver&#8221;, brinca. &#8220;Vou me empenhar e surpreender, tentar inspirar outras pessoas, mas ainda v\u00e3o rir de mim&#8221;.<\/p>\n","protected":false},"excerpt":{"rendered":"S\u00e3o Paulo Um dia para se esquecer. \u00c9 dessa forma que a modelo e apresentadora Nicole Bahls, 39,&hellip;\n","protected":false},"author":2,"featured_media":43118,"comment_status":"","ping_status":"","sticky":false,"template":"","format":"standard","meta":{"footnotes":""},"categories":[142],"tags":[219,211,223,9026,9027,114,115,224,225,226,753,221,220,222,8416,32,33,218,228,151,227],"class_list":{"0":"post-43117","1":"post","2":"type-post","3":"status-publish","4":"format-standard","5":"has-post-thumbnail","7":"category-tv","8":"tag-bichos","9":"tag-celebridades","10":"tag-colunistas","11":"tag-dana-dos-famosos","12":"tag-domingo-com-huck","13":"tag-entertainment","14":"tag-entretenimento","15":"tag-estranho","16":"tag-eu-amo","17":"tag-fofices","18":"tag-globo","19":"tag-horoscopo","20":"tag-humanos","21":"tag-humor","22":"tag-nicole-bahls","23":"tag-portugal","24":"tag-pt","25":"tag-televisao","26":"tag-tudo","27":"tag-tv","28":"tag-videos"},"share_on_mastodon":{"url":"","error":""},"_links":{"self":[{"href":"https:\/\/www.europesays.com\/pt\/wp-json\/wp\/v2\/posts\/43117","targetHints":{"allow":["GET"]}}],"collection":[{"href":"https:\/\/www.europesays.com\/pt\/wp-json\/wp\/v2\/posts"}],"about":[{"href":"https:\/\/www.europesays.com\/pt\/wp-json\/wp\/v2\/types\/post"}],"author":[{"embeddable":true,"href":"https:\/\/www.europesays.com\/pt\/wp-json\/wp\/v2\/users\/2"}],"replies":[{"embeddable":true,"href":"https:\/\/www.europesays.com\/pt\/wp-json\/wp\/v2\/comments?post=43117"}],"version-history":[{"count":0,"href":"https:\/\/www.europesays.com\/pt\/wp-json\/wp\/v2\/posts\/43117\/revisions"}],"wp:featuredmedia":[{"embeddable":true,"href":"https:\/\/www.europesays.com\/pt\/wp-json\/wp\/v2\/media\/43118"}],"wp:attachment":[{"href":"https:\/\/www.europesays.com\/pt\/wp-json\/wp\/v2\/media?parent=43117"}],"wp:term":[{"taxonomy":"category","embeddable":true,"href":"https:\/\/www.europesays.com\/pt\/wp-json\/wp\/v2\/categories?post=43117"},{"taxonomy":"post_tag","embeddable":true,"href":"https:\/\/www.europesays.com\/pt\/wp-json\/wp\/v2\/tags?post=43117"}],"curies":[{"name":"wp","href":"https:\/\/api.w.org\/{rel}","templated":true}]}}