{"id":43123,"date":"2025-08-24T17:02:12","date_gmt":"2025-08-24T17:02:12","guid":{"rendered":"https:\/\/www.europesays.com\/pt\/43123\/"},"modified":"2025-08-24T17:02:12","modified_gmt":"2025-08-24T17:02:12","slug":"de-bruyne-estreia-se-a-marcar-na-vitoria-convincente-do-napoli-zerozero-pt","status":"publish","type":"post","link":"https:\/\/www.europesays.com\/pt\/43123\/","title":{"rendered":"De Bruyne estreia-se a marcar na vit\u00f3ria convincente do Napoli &#8211; zerozero.pt"},"content":{"rendered":"<ol>\n<li><a href=\"https:\/\/news.google.com\/rss\/articles\/CBMipAFBVV95cUxNbXRDUXk5WFlnVE1RY2NyWFpOMFN4OUVoekVVbHJyeHNJS0RQbVd0N2ZWUkVUQU5jYjgtc3k3MnJvMlJfc08tMHpYY3pJT1hHODlJT1AzNFhaSFJ4OU1KUXJxakdna1FfNG9QMC1LNkJRQ1lQQjIxeHdDcmVYY0ZYa3YtWnkxWU5IbU1lRUthVUxWdUhwcXowSXJfZDdlU3hQSFZhYg?oc=5\" target=\"_blank\" rel=\"nofollow noopener\">De Bruyne estreia-se a marcar na vit\u00f3ria convincente do Napoli<\/a>&nbsp;&nbsp;zerozero.pt<\/li>\n<li><a href=\"https:\/\/news.google.com\/rss\/articles\/CBMi7wFBVV95cUxPeUwtTkFqNlZWTXNJQ2EtM2pXTjFTSGRKdlR0NnJmdmN6d09ZcjN2ZkdONXB3d0s1WVpLeGp2dGVERnpkRlZpU1Z6dDdFNTZQVEU3b29fVmE4NHFUZFh6NWlPX3J1NkJfOGJ5Y1J6V2o4cHZ1eDBNTHBHMDJzYkRmWVN0cU5Wa3FhellUaWthVFpBTjU1emZZT1pwYlVIellyb2JGVzR5QjNIeGRIVEgwSm1sZjFoZkZWcTgxeHU0a3JfYTRvakdIS2l1OXNYakNtNHRxMGNscDhBZGREUHhJMHdBTEFOdkU5V3E4OGkwONIB_gFBVV95cUxQRFJyQS00Y2lXZS05S2x3YTFPdWp3UHRRcjZHWDhwVmFiWkU2V0kxLU4xeE9iQl9iaDRRR0k5Y3J4amV5VHhON0libHNZVGN6N3FlZG00Szc4Zlcwa3Q5S2lXenhtZHFsZ3lzUl9iNjhLRnpsYmlvS01vLXQzVFV1dUtGWTg4OTVlZlZIWEVUNDg1d3A2ZllqTzhFcm9FV1oxVkNIWDBaNTJUQUtXY1lUZWcyYVpzQVlydGVEbHY1XzR5Uk1VdnM5TkloUlRmdkozSXYzWE5MWFNreVhaR2Ntd1dyaGpMdUlwX2ZVYzlfTVJqUlM1R3BVcDl2M0gwUQ?oc=5\" target=\"_blank\" rel=\"nofollow noopener\">De Bruyne marca na estreia, e atual campe\u00e3 Napoli vence na abertura do Italiano<\/a>&nbsp;&nbsp;O Globo<\/li>\n<li><a href=\"https:\/\/news.google.com\/rss\/articles\/CBMiXkFVX3lxTFBJNWtQNnc0OFBINTdPTGswNkdmM1UxTnFBRHFOY1RUU2pKNkFsNGpZcWY2bHg2R2VyNzhaekNKZF8yeDZyalhidFgySUU2VE9oal93ODBmcnhZR2ZvZnc?oc=5\" target=\"_blank\" rel=\"nofollow noopener\">Executivo de futebol do Inter garante perman\u00eancia de Roger no clube: &#8216;S\u00f3 vamos resolver com trabalho&#8217;<\/a>&nbsp;&nbsp;ESPN Brasil<\/li>\n<li><a href=\"https:\/\/news.google.com\/rss\/articles\/CBMixgFBVV95cUxPQmdRTmE3OHl4dUhTR1JYcXF0UnRwWEZfaWxzMTJTdjlRVldSc3JQajVwNjBLeXhoalQ5dTF6SVU3b2JsRlVncmhkaEdaMkRucVh4elV1UUFoZXNYbWFkVm1UWHZ2Qy1nbTJzWTJNc2dHOVlPSFRaQjljNTNkRmJaSFAwVDhXUlRacjlsajhob3plc0Zab1JHaUpoOHlIdWdhSFpZeDVZQUk5SkdGVUl2dmxPei1vanp0MVVndjlPY1BOTnlWNVE?oc=5\" target=\"_blank\" rel=\"nofollow noopener\">Sassuolo x Napoli no Campeonato Italiano: onde assistir ao vivo, hor\u00e1rio e escala\u00e7\u00e3o<\/a>&nbsp;&nbsp;Estad\u00e3o<\/li>\n<li><a href=\"https:\/\/news.google.com\/rss\/articles\/CBMirAFBVV95cUxOcXA4b1ZNcG11V2NoUnNFeElNNHc2a3dNcVFRNk9hRVJBU2o5WEFMR2VvV09jTEp2eWw2bXd4VVZENkROZEFZMTJVMkJiUmFsZHlULWJZNE1YWVlfOTlhMWd4SzJHRHVWeEFBY0trQ1dJMDVBTUdhb3Y0MEdrbG1XUFp0NUhlLUd6NHQ2a280cDZMV2szaGl2Nl91Sng1MlpaTzJmOWhUWV90TjA10gGwAUFVX3lxTE9sTGxDOENxT2E0TUtrU1R4MjFtcjItbHhCek5xLWprbUdqNnRiM0g5WXpiakVfeDI3cG1yanl1V3hjQzhCaW1aekZMZWJlcGl4VnFFbHYxX2p2Y05HdDhYR0xZQVdldi0xNnhwQ2R3MmVBOVdvMkVRNU1YTHpJWTBDYzk3ekhkWFptY3A4M21YWDZHZURmUkVwaDFfTGZ0THVRVjFJdlE0YWNhSGJZN3ct?oc=5\" target=\"_blank\" rel=\"nofollow noopener\">Milan estreia com derrota em casa no Italiano; De Bruyne marca em vit\u00f3ria do Napoli<\/a>&nbsp;&nbsp;Folha PE<\/li>\n<\/ol>\n","protected":false},"excerpt":{"rendered":"De Bruyne estreia-se a marcar na vit\u00f3ria convincente do Napoli&nbsp;&nbsp;zerozero.pt De Bruyne marca na estreia, e atual campe\u00e3&hellip;\n","protected":false},"author":2,"featured_media":43124,"comment_status":"","ping_status":"","sticky":false,"template":"","format":"standard","meta":{"footnotes":""},"categories":[87],"tags":[135,526,524,13,32,33,527,525,134,523],"class_list":{"0":"post-43123","1":"post","2":"type-post","3":"status-publish","4":"format-standard","5":"has-post-thumbnail","7":"category-desporto","8":"tag-desporto","9":"tag-football","10":"tag-futebol","11":"tag-noticias","12":"tag-portugal","13":"tag-pt","14":"tag-resultados","15":"tag-soccer","16":"tag-sports","17":"tag-zerozero"},"share_on_mastodon":{"url":"","error":""},"_links":{"self":[{"href":"https:\/\/www.europesays.com\/pt\/wp-json\/wp\/v2\/posts\/43123","targetHints":{"allow":["GET"]}}],"collection":[{"href":"https:\/\/www.europesays.com\/pt\/wp-json\/wp\/v2\/posts"}],"about":[{"href":"https:\/\/www.europesays.com\/pt\/wp-json\/wp\/v2\/types\/post"}],"author":[{"embeddable":true,"href":"https:\/\/www.europesays.com\/pt\/wp-json\/wp\/v2\/users\/2"}],"replies":[{"embeddable":true,"href":"https:\/\/www.europesays.com\/pt\/wp-json\/wp\/v2\/comments?post=43123"}],"version-history":[{"count":0,"href":"https:\/\/www.europesays.com\/pt\/wp-json\/wp\/v2\/posts\/43123\/revisions"}],"wp:featuredmedia":[{"embeddable":true,"href":"https:\/\/www.europesays.com\/pt\/wp-json\/wp\/v2\/media\/43124"}],"wp:attachment":[{"href":"https:\/\/www.europesays.com\/pt\/wp-json\/wp\/v2\/media?parent=43123"}],"wp:term":[{"taxonomy":"category","embeddable":true,"href":"https:\/\/www.europesays.com\/pt\/wp-json\/wp\/v2\/categories?post=43123"},{"taxonomy":"post_tag","embeddable":true,"href":"https:\/\/www.europesays.com\/pt\/wp-json\/wp\/v2\/tags?post=43123"}],"curies":[{"name":"wp","href":"https:\/\/api.w.org\/{rel}","templated":true}]}}