{"id":431319,"date":"2026-06-26T15:01:26","date_gmt":"2026-06-26T15:01:26","guid":{"rendered":"https:\/\/www.europesays.com\/pt\/431319\/"},"modified":"2026-06-26T15:01:26","modified_gmt":"2026-06-26T15:01:26","slug":"bill-gates-as-ideias-de-epstein-caminhavam-para-chantagem-observador","status":"publish","type":"post","link":"https:\/\/www.europesays.com\/pt\/431319\/","title":{"rendered":"Bill Gates: &#8220;As ideias de Epstein caminhavam&#8221; para chantagem \u2013 Observador"},"content":{"rendered":"<p>Bill Gates afirmou, perante uma comiss\u00e3o do Congresso norte-americano, que acredita que Jeffrey Epstein poder\u00e1 ter considerado utilizar informa\u00e7\u00f5es sobre as suas rela\u00e7\u00f5es extraconjugais para o pressionar a manter contacto com ele, embora tenha garantido que nunca foi alvo de chantagem direta.<\/p>\n<p>De acordo com o <a href=\"https:\/\/www.theguardian.com\/us-news\/2026\/jun\/24\/bill-gates-epstein-transcript\" rel=\"nofollow noopener\" target=\"_blank\">The Guardian<\/a>, as declara\u00e7\u00f5es constam da transcri\u00e7\u00e3o de um depoimento prestado \u00e0 porta fechada por Gates perante a Comiss\u00e3o de Supervis\u00e3o da C\u00e2mara dos Representantes dos Estados Unidos, a 10 de junho, e <strong>divulgada esta ter\u00e7a-feira<\/strong>. O empres\u00e1rio foi ouvido sobre a sua rela\u00e7\u00e3o com o agressor sexual, <a href=\"https:\/\/observador.pt\/especiais\/a-nota-de-suicidio-escondida-os-guardas-que-dormiam-e-as-camaras-mortas-na-prisao-como-foram-os-ultimos-35-dias-de-vida-de-jeffrey-epstein\/\" rel=\"nofollow noopener\" target=\"_blank\">que se suicidou na pris\u00e3o em 2019 enquanto aguardava pelo julgamento<\/a>.<\/p>\n<blockquote class=\"wp-embedded-content\" data-secret=\"W8q53EgJpu\">\n<p><a href=\"https:\/\/observador.pt\/especiais\/a-nota-de-suicidio-escondida-os-guardas-que-dormiam-e-as-camaras-mortas-na-prisao-como-foram-os-ultimos-35-dias-de-vida-de-jeffrey-epstein\/\" rel=\"nofollow noopener\" target=\"_blank\">A nota de suic\u00eddio escondida, os guardas que dormiam e as c\u00e2maras mortas na pris\u00e3o. Como foram os \u00faltimos 35 dias de vida de Jeffrey Epstein<\/a><\/p>\n<\/blockquote>\n<p>\u201cN\u00e3o fui chantageado, mas, sabem, quando se olha para estes e-mails, parece que as ideias de Epstein estavam a caminhar nessa dire\u00e7\u00e3o\u201d, afirmou o fundador da Microsoft, referindo-se aos <a href=\"https:\/\/observador.pt\/2025\/12\/12\/epstein-divulgadas-fotografias-que-mostram-trump-clinton-bill-gates-e-outras-figuras-influentes-ao-lado-do-milionario\/\" rel=\"nofollow noopener\" target=\"_blank\">documentos tornados p\u00fablicos<\/a> pelo Departamento de Justi\u00e7a dos Estados Unidos entre dezembro e janeiro.<\/p>\n<p>Sobre o conte\u00fado dessas mensagens, Gates disse ter ficado com a impress\u00e3o de que Epstein estaria a testar abordagens que <strong>poderiam vir a ser usadas contra si<\/strong>. Segundo o empres\u00e1rio, atrav\u00e9s de rascunhos de e-mails, o milion\u00e1rio parecia estar a \u201censaiar\u201d a forma como ele pr\u00f3prio, ou algu\u00e9m sob a sua orienta\u00e7\u00e3o, poderia tentar pression\u00e1-lo, embora nenhuma dessas mensagens lhe tenha sido efetivamente enviada.<\/p>\n<blockquote class=\"wp-embedded-content\" data-secret=\"xKvN5imBno\">\n<p><a href=\"https:\/\/observador.pt\/2025\/12\/12\/epstein-divulgadas-fotografias-que-mostram-trump-clinton-bill-gates-e-outras-figuras-influentes-ao-lado-do-milionario\/\" rel=\"nofollow noopener\" target=\"_blank\">Epstein. Divulgadas fotografias que mostram Trump, Clinton, Bill Gates e outras figuras influentes ao lado do milion\u00e1rio<\/a><\/p>\n<\/blockquote>\n<p>Nos \u00faltimos anos, Gates<a href=\"https:\/\/observador.pt\/2021\/08\/05\/bill-gates-assume-que-foi-a-varios-jantares-com-jeffrey-epstein-e-reconhece-que-cometeu-um-grande-erro\/\" rel=\"nofollow noopener\" target=\"_blank\"> classificou os seus contactos com Epstein como \u201cum grande erro\u201d<\/a>. Em fevereiro deste ano, numa <a href=\"https:\/\/observador.pt\/2026\/02\/25\/bill-gates-pede-desculpa-a-funcionarios-por-relacao-com-epstein-e-assume-casos-extraconjugais-durante-casamento\/\" rel=\"nofollow noopener\" target=\"_blank\">entrevista ao The Wall Street Journal<\/a>, admitiu ter mantido rela\u00e7\u00f5es extraconjugais com duas mulheres russas, mas rejeitou qualquer participa\u00e7\u00e3o nas atividades do empres\u00e1rio.<\/p>\n<p>No depoimento agora divulgado, o fundador da Microsoft reconheceu, ainda, que <strong>sabia que Epstein tinha enfrentado problemas judiciais<\/strong> relacionados com crimes sexuais. Ainda assim, explicou que lhe foi apresentado como uma pessoa com capacidade para mobilizar milhares de milh\u00f5es de d\u00f3lares para projetos de sa\u00fade global, uma \u00e1rea \u00e0 qual dedicava grande parte da sua atividade filantr\u00f3pica.<\/p>\n<blockquote class=\"wp-embedded-content\" data-secret=\"0Wlaf5vyWi\">\n<p><a href=\"https:\/\/observador.pt\/2026\/02\/04\/nunca-fui-a-ilha-nunca-conheci-nenhuma-mulher-bill-gates-reage-a-emails-do-caso-epstein\/\" rel=\"nofollow noopener\" target=\"_blank\">\u201cNunca fui \u00e0 ilha, nunca conheci nenhuma mulher\u201d. Bill Gates reage a emails do caso Epstein<\/a><\/p>\n<\/blockquote>\n<p>\u201cEu sabia que aquilo era de natureza sexual, mas n\u00e3o me aprofundei nos pormenores, embora provavelmente <strong>devesse t\u00ea-lo feito<\/strong>\u201c, declarou.<\/p>\n","protected":false},"excerpt":{"rendered":"Bill Gates afirmou, perante uma comiss\u00e3o do Congresso norte-americano, que acredita que Jeffrey Epstein poder\u00e1 ter considerado utilizar&hellip;\n","protected":false},"author":2,"featured_media":431320,"comment_status":"","ping_status":"","sticky":false,"template":"","format":"standard","meta":{"footnotes":"","_share_on_mastodon":"0"},"categories":[8],"tags":[624,8718,27,28,68660,623,15,16,14,25,26,21,22,62,12,13,19,20,32,23,24,33,110,17,18,29,30,31],"class_list":["post-431319","post","type-post","status-publish","format-standard","has-post-thumbnail","category-principais-noticias","tag-amu00e9rica","tag-bill-gates","tag-breaking-news","tag-breakingnews","tag-caso-epstein","tag-estados-unidos-da-amu00e9rica","tag-featured-news","tag-featurednews","tag-headlines","tag-latest-news","tag-latestnews","tag-main-news","tag-mainnews","tag-mundo","tag-news","tag-noticias","tag-noticias-principais","tag-noticiasprincipais","tag-portugal","tag-principais-noticias","tag-principaisnoticias","tag-pt","tag-tecnologia","tag-top-stories","tag-topstories","tag-ultimas","tag-ultimas-noticias","tag-ultimasnoticias"],"share_on_mastodon":{"url":"https:\/\/pubeurope.com\/@pt\/116817014670075253","error":""},"_links":{"self":[{"href":"https:\/\/www.europesays.com\/pt\/wp-json\/wp\/v2\/posts\/431319","targetHints":{"allow":["GET"]}}],"collection":[{"href":"https:\/\/www.europesays.com\/pt\/wp-json\/wp\/v2\/posts"}],"about":[{"href":"https:\/\/www.europesays.com\/pt\/wp-json\/wp\/v2\/types\/post"}],"author":[{"embeddable":true,"href":"https:\/\/www.europesays.com\/pt\/wp-json\/wp\/v2\/users\/2"}],"replies":[{"embeddable":true,"href":"https:\/\/www.europesays.com\/pt\/wp-json\/wp\/v2\/comments?post=431319"}],"version-history":[{"count":0,"href":"https:\/\/www.europesays.com\/pt\/wp-json\/wp\/v2\/posts\/431319\/revisions"}],"wp:featuredmedia":[{"embeddable":true,"href":"https:\/\/www.europesays.com\/pt\/wp-json\/wp\/v2\/media\/431320"}],"wp:attachment":[{"href":"https:\/\/www.europesays.com\/pt\/wp-json\/wp\/v2\/media?parent=431319"}],"wp:term":[{"taxonomy":"category","embeddable":true,"href":"https:\/\/www.europesays.com\/pt\/wp-json\/wp\/v2\/categories?post=431319"},{"taxonomy":"post_tag","embeddable":true,"href":"https:\/\/www.europesays.com\/pt\/wp-json\/wp\/v2\/tags?post=431319"}],"curies":[{"name":"wp","href":"https:\/\/api.w.org\/{rel}","templated":true}]}}