{"id":431679,"date":"2026-06-26T22:27:12","date_gmt":"2026-06-26T22:27:12","guid":{"rendered":"https:\/\/www.europesays.com\/pt\/431679\/"},"modified":"2026-06-26T22:27:12","modified_gmt":"2026-06-26T22:27:12","slug":"esta-encontrado-o-4-o-classificado-do-desafio-final-a-aventura-chega-ao-fim-para-este-concorrente-secret-story","status":"publish","type":"post","link":"https:\/\/www.europesays.com\/pt\/431679\/","title":{"rendered":"Est\u00e1 encontrado o 4.\u00ba classificado do \u00abDesafio Final\u00bb: A aventura chega ao fim para este concorrente &#8211; Secret Story"},"content":{"rendered":"<p data-end=\"746\" data-start=\"587\">A emo\u00e7\u00e3o tomou conta da casa mais vigiada do Pa\u00eds na noite deste s\u00e1bado, 28 de junho, com a r<strong>evela\u00e7\u00e3o do quarto classificado do Secret Story \u2013 Desafio Final.<\/strong><\/p>\n<p data-end=\"913\" data-start=\"748\">Depois de uma edi\u00e7\u00e3o marcada por estrat\u00e9gias, alian\u00e7as, confrontos e muitos momentos inesquec\u00edveis, <b>Marisa Susana\u00a0<\/b>viu a sua caminhada terminar mesmo \u00e0s portas do p\u00f3dio.<\/p>\n<p data-end=\"1162\" data-start=\"915\">Ao longo da participa\u00e7\u00e3o, a concorrente destacou-se pela personalidade forte, conquistando apoiantes, mas tamb\u00e9m gerando algumas divis\u00f5es entre os f\u00e3s do formato.<\/p>\n<p data-end=\"1338\" data-start=\"1164\"><strong>Nas redes sociais, a sa\u00edda n\u00e3o deixou ningu\u00e9m indiferente e multiplicam-se as rea\u00e7\u00f5es dos espectadores,<\/strong> muitos deles a agradecerem a entrega demonstrada ao longo da aventura.<\/p>\n<p data-end=\"1494\" data-start=\"1340\">Com esta expuls\u00e3o, ficam conhecidos os tr\u00eas grandes finalistas que continuam na corrida ao pr\u00e9mio e ao t\u00e3o desejado t\u00edtulo de vencedor do Desafio Final.<\/p>\n<p data-end=\"1494\" data-start=\"1340\"><strong>Pedro Jorge, Leandro ou Jo\u00e3o Ricardo: Quem vai vencer?<\/strong><\/p>\n","protected":false},"excerpt":{"rendered":"A emo\u00e7\u00e3o tomou conta da casa mais vigiada do Pa\u00eds na noite deste s\u00e1bado, 28 de junho, com&hellip;\n","protected":false},"author":2,"featured_media":431680,"comment_status":"","ping_status":"","sticky":false,"template":"","format":"standard","meta":{"footnotes":"","_share_on_mastodon":"0"},"categories":[85],"tags":[50764,2632,51473,328,166,114,115,332,9485,330,3448,32,33,69918,1315,6985,50761,8174,50763,50766,162],"class_list":["post-431679","post","type-post","status-publish","format-standard","has-post-thumbnail","category-entretenimento","tag-botao-dos-segredos","tag-casa-dos-segredos","tag-casa-mais-vigiada-do-pais","tag-concorrentes","tag-cristina-ferreira","tag-entertainment","tag-entretenimento","tag-expulso","tag-finalista","tag-gala","tag-nomeados","tag-portugal","tag-pt","tag-quarto-lugar","tag-secret-story","tag-secret-story-casa-dos-segredos","tag-secret-story-2026","tag-segredos","tag-segredos-secret-story","tag-sondagem-secret-story","tag-tvi"],"share_on_mastodon":{"url":"https:\/\/pubeurope.com\/@pt\/116818768289725323","error":""},"_links":{"self":[{"href":"https:\/\/www.europesays.com\/pt\/wp-json\/wp\/v2\/posts\/431679","targetHints":{"allow":["GET"]}}],"collection":[{"href":"https:\/\/www.europesays.com\/pt\/wp-json\/wp\/v2\/posts"}],"about":[{"href":"https:\/\/www.europesays.com\/pt\/wp-json\/wp\/v2\/types\/post"}],"author":[{"embeddable":true,"href":"https:\/\/www.europesays.com\/pt\/wp-json\/wp\/v2\/users\/2"}],"replies":[{"embeddable":true,"href":"https:\/\/www.europesays.com\/pt\/wp-json\/wp\/v2\/comments?post=431679"}],"version-history":[{"count":0,"href":"https:\/\/www.europesays.com\/pt\/wp-json\/wp\/v2\/posts\/431679\/revisions"}],"wp:featuredmedia":[{"embeddable":true,"href":"https:\/\/www.europesays.com\/pt\/wp-json\/wp\/v2\/media\/431680"}],"wp:attachment":[{"href":"https:\/\/www.europesays.com\/pt\/wp-json\/wp\/v2\/media?parent=431679"}],"wp:term":[{"taxonomy":"category","embeddable":true,"href":"https:\/\/www.europesays.com\/pt\/wp-json\/wp\/v2\/categories?post=431679"},{"taxonomy":"post_tag","embeddable":true,"href":"https:\/\/www.europesays.com\/pt\/wp-json\/wp\/v2\/tags?post=431679"}],"curies":[{"name":"wp","href":"https:\/\/api.w.org\/{rel}","templated":true}]}}