{"id":43187,"date":"2025-08-24T18:02:07","date_gmt":"2025-08-24T18:02:07","guid":{"rendered":"https:\/\/www.europesays.com\/pt\/43187\/"},"modified":"2025-08-24T18:02:07","modified_gmt":"2025-08-24T18:02:07","slug":"guerreiras-do-k-pop-lidera-bilheteria-nos-cinemas-americanos-confira","status":"publish","type":"post","link":"https:\/\/www.europesays.com\/pt\/43187\/","title":{"rendered":"Guerreiras do K-pop lidera bilheteria nos cinemas americanos; confira"},"content":{"rendered":"<p><strong>Guerreiras do K-Pop<\/strong> \u00e9 um fen\u00f4meno inquestion\u00e1vel. O musical \u00e9 a anima\u00e7\u00e3o mais assistida da hist\u00f3ria da Netflix e o segundo filme mais visto, em qualquer g\u00eanero, da hist\u00f3ria da plataforma.<\/p>\n<p>Agora, com o lan\u00e7amento do filme nos cinemas americanos em uma vers\u00e3o especial, Guerreiras do K-Pop mostra a que veio, mesmo dois meses ap\u00f3s sua estreia na Netflix.<\/p>\n<p>Com arrecada\u00e7\u00e3o de US$18 milh\u00f5es no final de semana, a anima\u00e7\u00e3o ocupa o primeiro lugar nas bilheterias dos Estados Unidos. O feito joga A Hora do Mal para o segundo lugar da bilheteria dom\u00e9stica de fim de semana, mantendo um valor est\u00e1vel em US$15,6 milh\u00f5es.\u00a0<\/p>\n<p>      Tudo sobre\u00a0Guerreiras do K-Pop<\/p>\n<p>Coprodu\u00e7\u00e3o da Netflix com a\u00a0Sony Pictures Animation,\u00a0Guerreiras do K-Pop\u00a0retrata o trio feminino HUNTR\/X &#8211; que \u00e9 tamb\u00e9m a gera\u00e7\u00e3o mais recente de uma dinastia de ca\u00e7adores de dem\u00f4nios, respons\u00e1vel por manter o mundo todo protegido das criaturas infernais. Acontece que o plano mais recente dos vil\u00f5es \u00e9 formar os Saja Boys, um grupo masculino que canta o mesmo g\u00eanero msucal e que pretende roubar todas as f\u00e3s das hero\u00ednas da hist\u00f3ria.<\/p>\n<p>Com dire\u00e7\u00e3o de\u00a0Maggie Kang\u00a0e\u00a0Chris Appelhans\u00a0(Din e o Drag\u00e3o Genial). O elenco de vozes em ingl\u00eas conta com\u00a0Arden Cho\u00a0(Teen Wolf),\u00a0Ahn Hyo-seop\u00a0(Dr. Rom\u00e2ntico),\u00a0May Hong\u00a0(Hacks),\u00a0Yoo Ji-young\u00a0(Until Dawn),\u00a0Yunjin Kim\u00a0(Lost),\u00a0Lee Byung-hun\u00a0(Round 6),\u00a0Joel Kim Booster\u00a0(Fire Island) e\u00a0Ken Jeong\u00a0(Community), entre outros.<\/p>\n<p data-gtm-vis-first-on-screen67967661_30=\"3907\" data-gtm-vis-has-fired67967661_30=\"1\" data-gtm-vis-total-visible-time67967661_30=\"100\">As can\u00e7\u00f5es do longa s\u00e3o compostas e produzidas por grandes nomes do k-pop, como\u00a0Teddy Park,\u00a0Ejae, Earattack\u00a0e\u00a0MeloMance.\u00a0Guerreiras do K-Pop\u00a0segue dispon\u00edvel para streaming na Netflix.<\/p>\n<p>\u00a0<\/p>\n","protected":false},"excerpt":{"rendered":"Guerreiras do K-Pop \u00e9 um fen\u00f4meno inquestion\u00e1vel. O musical \u00e9 a anima\u00e7\u00e3o mais assistida da hist\u00f3ria da Netflix&hellip;\n","protected":false},"author":2,"featured_media":43188,"comment_status":"","ping_status":"","sticky":false,"template":"","format":"standard","meta":{"footnotes":""},"categories":[140],"tags":[114,115,147,148,146,32,33],"class_list":{"0":"post-43187","1":"post","2":"type-post","3":"status-publish","4":"format-standard","5":"has-post-thumbnail","7":"category-filmes","8":"tag-entertainment","9":"tag-entretenimento","10":"tag-film","11":"tag-filmes","12":"tag-movies","13":"tag-portugal","14":"tag-pt"},"share_on_mastodon":{"url":"","error":""},"_links":{"self":[{"href":"https:\/\/www.europesays.com\/pt\/wp-json\/wp\/v2\/posts\/43187","targetHints":{"allow":["GET"]}}],"collection":[{"href":"https:\/\/www.europesays.com\/pt\/wp-json\/wp\/v2\/posts"}],"about":[{"href":"https:\/\/www.europesays.com\/pt\/wp-json\/wp\/v2\/types\/post"}],"author":[{"embeddable":true,"href":"https:\/\/www.europesays.com\/pt\/wp-json\/wp\/v2\/users\/2"}],"replies":[{"embeddable":true,"href":"https:\/\/www.europesays.com\/pt\/wp-json\/wp\/v2\/comments?post=43187"}],"version-history":[{"count":0,"href":"https:\/\/www.europesays.com\/pt\/wp-json\/wp\/v2\/posts\/43187\/revisions"}],"wp:featuredmedia":[{"embeddable":true,"href":"https:\/\/www.europesays.com\/pt\/wp-json\/wp\/v2\/media\/43188"}],"wp:attachment":[{"href":"https:\/\/www.europesays.com\/pt\/wp-json\/wp\/v2\/media?parent=43187"}],"wp:term":[{"taxonomy":"category","embeddable":true,"href":"https:\/\/www.europesays.com\/pt\/wp-json\/wp\/v2\/categories?post=43187"},{"taxonomy":"post_tag","embeddable":true,"href":"https:\/\/www.europesays.com\/pt\/wp-json\/wp\/v2\/tags?post=43187"}],"curies":[{"name":"wp","href":"https:\/\/api.w.org\/{rel}","templated":true}]}}