{"id":43194,"date":"2025-08-24T18:06:10","date_gmt":"2025-08-24T18:06:10","guid":{"rendered":"https:\/\/www.europesays.com\/pt\/43194\/"},"modified":"2025-08-24T18:06:10","modified_gmt":"2025-08-24T18:06:10","slug":"xiaomi-15t-pro-tem-visual-revelado-em-fotos-reais","status":"publish","type":"post","link":"https:\/\/www.europesays.com\/pt\/43194\/","title":{"rendered":"Xiaomi 15T Pro tem visual revelado em fotos reais"},"content":{"rendered":"<p>A <a class=\"lib tg-lib\" href=\"https:\/\/www.oficinadanet.com.br\/xiaomi\" rel=\"nofollow noopener\" target=\"_blank\">Xiaomi<\/a> tem dados passos largos para melhoras seus produtos e um dos mais aguardados est\u00e1 chegando, o <strong>Xiaomi 15T Pro<\/strong>. O modelo, que traz foco em alta performance e boas c\u00e2meras, tem tudo para superar inclusive o seu antecessor, cujo <strong>sucesso<\/strong> foi marcante. E agora, um informante acaba de revelar o<strong> visual<\/strong> do aparelho revelando tanto a sua parte traseira quanto a frontal. Tudo assim, antes da hora.<\/p>\n<p>Xiaomi 15T Pro aparece na vida real<\/p>\n<p>Como visto nas imagens abaixo, o <strong>Xiaomi 15T Pro<\/strong> contar\u00e1 com mudan\u00e7as no design traseiro em compara\u00e7\u00e3o com o seu antecesso. Agora, a nova ilha de c\u00e2meras aparece no <strong>canto superior<\/strong> esquerdo. Ela tamb\u00e9m foi redesenhada e agora mostra uma forma de <strong>quadrado arredondado<\/strong> com bordas chanfradas. Mais uma vez, a marca <strong>Leica<\/strong> tamb\u00e9m aparece em evid\u00eancia como nas gera\u00e7\u00f5es anteriores.<\/p>\n<p>Falando em c\u00e2meras, o smartphone vir\u00e1 equipado com uma lente principal OmniVision OVX9100 de<strong> 50MP<\/strong>, sensor poderoso que promete fotos surpreendentes. As configura\u00e7\u00f5es de c\u00e2mera tamb\u00e9m incluir\u00e3o uma lente ultra grande angular de <strong>13MP<\/strong> e uma super c\u00e2mera <a class=\"lib tg-lib\" href=\"https:\/\/www.oficinadanet.com.br\/smartphones\/36853-quais-sao-as-lentes-de-celular\" rel=\"nofollow noopener\" target=\"_blank\">telefoto<\/a> <a class=\"lib tg-lib\" href=\"https:\/\/www.oficinadanet.com.br\/samsung\" rel=\"nofollow noopener\" target=\"_blank\">Samsung<\/a> JN5 de<strong> 50MP<\/strong>, que promete carturar tanto pessoas ou objetos com qualidade ainda melhor.<\/p>\n<p>            &#13;<br \/>\n                    &#13;<br \/>\n                        &#13;<br \/>\n                        &#13;<br \/>\n                        &#13;<br \/>\n                        &#13;<br \/>\n                        <img decoding=\"async\" loading=\"lazy\" width=\"330\" height=\"179\" src=\"https:\/\/www.europesays.com\/pt\/wp-content\/uploads\/2025\/08\/xiaomi-15t-pro.jpg\"  alt=\"Xiaomi 15T Pro na vida real (Imagem \/ GizmoChina).\" title=\"Xiaomi 15T Pro na vida real (Imagem \/ GizmoChina).\"\/>&#13;<br \/>\n                    Xiaomi 15T Pro na vida real (Imagem \/ GizmoChina).&#13;<\/p>\n<p>O que esperar do Xiaomi 15T Pro?<\/p>\n<p>Quanto aos demais recursos, o <strong>Xiaomi 15T Pro<\/strong> vir\u00e1 com um poderoso chip <strong>Dimensity 9400+<\/strong>, ao lado de <strong>12 GB<\/strong> de RAM e <strong>256 GB <\/strong>de armazenamento. O smartphone tamb\u00e9m deve incluir uma bateria generosa de <strong>5.500mAh<\/strong> com suporte para carregamento r\u00e1pido de <strong>90W<\/strong>. Al\u00e9m disso, parece prov\u00e1vel que chegue de f\u00e1brica equipado com o mais recente sistema operacional<strong> Android 16<\/strong> do <a class=\"lib tg-lib\" href=\"https:\/\/www.oficinadanet.com.br\/google\" rel=\"nofollow noopener\" target=\"_blank\">Google<\/a>.<\/p>\n<p><a href=\"https:\/\/www.gizmochina.com\/2025\/08\/24\/xiaomi-15t-pro-leaks-in-real-life-for-the-first-time\/\" class=\"tg-link-manual\" rel=\"nofollow  noopener\" target=\"_blank\">Fonte<\/a><\/p>\n","protected":false},"excerpt":{"rendered":"A Xiaomi tem dados passos largos para melhoras seus produtos e um dos mais aguardados est\u00e1 chegando, o&hellip;\n","protected":false},"author":2,"featured_media":43195,"comment_status":"","ping_status":"","sticky":false,"template":"","format":"standard","meta":{"footnotes":""},"categories":[84],"tags":[109,107,108,13,32,33,105,103,104,106,110],"class_list":{"0":"post-43194","1":"post","2":"type-post","3":"status-publish","4":"format-standard","5":"has-post-thumbnail","7":"category-ciencia-e-tecnologia","8":"tag-ciencia","9":"tag-ciencia-e-tecnologia","10":"tag-cienciaetecnologia","11":"tag-noticias","12":"tag-portugal","13":"tag-pt","14":"tag-science","15":"tag-science-and-technology","16":"tag-scienceandtechnology","17":"tag-technology","18":"tag-tecnologia"},"share_on_mastodon":{"url":"","error":""},"_links":{"self":[{"href":"https:\/\/www.europesays.com\/pt\/wp-json\/wp\/v2\/posts\/43194","targetHints":{"allow":["GET"]}}],"collection":[{"href":"https:\/\/www.europesays.com\/pt\/wp-json\/wp\/v2\/posts"}],"about":[{"href":"https:\/\/www.europesays.com\/pt\/wp-json\/wp\/v2\/types\/post"}],"author":[{"embeddable":true,"href":"https:\/\/www.europesays.com\/pt\/wp-json\/wp\/v2\/users\/2"}],"replies":[{"embeddable":true,"href":"https:\/\/www.europesays.com\/pt\/wp-json\/wp\/v2\/comments?post=43194"}],"version-history":[{"count":0,"href":"https:\/\/www.europesays.com\/pt\/wp-json\/wp\/v2\/posts\/43194\/revisions"}],"wp:featuredmedia":[{"embeddable":true,"href":"https:\/\/www.europesays.com\/pt\/wp-json\/wp\/v2\/media\/43195"}],"wp:attachment":[{"href":"https:\/\/www.europesays.com\/pt\/wp-json\/wp\/v2\/media?parent=43194"}],"wp:term":[{"taxonomy":"category","embeddable":true,"href":"https:\/\/www.europesays.com\/pt\/wp-json\/wp\/v2\/categories?post=43194"},{"taxonomy":"post_tag","embeddable":true,"href":"https:\/\/www.europesays.com\/pt\/wp-json\/wp\/v2\/tags?post=43194"}],"curies":[{"name":"wp","href":"https:\/\/api.w.org\/{rel}","templated":true}]}}