{"id":43204,"date":"2025-08-24T18:14:08","date_gmt":"2025-08-24T18:14:08","guid":{"rendered":"https:\/\/www.europesays.com\/pt\/43204\/"},"modified":"2025-08-24T18:14:08","modified_gmt":"2025-08-24T18:14:08","slug":"estalou-o-verniz-entre-daniela-santos-e-a-tia-de-afonso-e-esta-e-a-frase-de-que-todos-falam-big-brother","status":"publish","type":"post","link":"https:\/\/www.europesays.com\/pt\/43204\/","title":{"rendered":"Estalou o verniz entre Daniela Santos e a tia de Afonso. E esta \u00e9 a frase de que todos falam &#8211; Big Brother"},"content":{"rendered":"<p>O Big Brother Ver\u00e3o est\u00e1 ao rubro dentro e&#8230; fora da casa mais vigiada do Pa\u00eds. Este s\u00e1bado durante o Extra especial apresentado por Nuno Eir\u00f3, Daniela Santos e a tia de Afonso Leit\u00e3o envolveram num<a href=\"https:\/\/tvi.iol.pt\/bigbrother\/videos\/isto-e-grave-alvo-de-acusacao-daniela-santos-entra-em-bate-boca-intenso-com-tia-de-afonso-leitao\/68aa32020cf216cd3ad3a3e9\" rel=\"nofollow noopener\" target=\"_blank\"> intenso bate-boca e o verniz estalou entre as duas em direto.\u00a0<\/a><\/p>\n<p>Tudo come\u00e7ou porque a tia de Afonso acusou Daniela de ter passado informa\u00e7\u00e3o a J\u00e9ssica Vieira, <a href=\"https:\/\/tvi.iol.pt\/bigbrother\/videos\/daniela-santos-entra-na-casa-mas-ignora-o-amigo-especial-afonso-leitao-com-quem-tem-uma-historia\/68a250450cf2ba9f720f1638\" rel=\"nofollow noopener\" target=\"_blank\">durante a sua curta visita \u00e0 casa, no passado domingo<\/a>:\u00a0\u00abA Daniela disse-lhe qualquer coisa ao ouvido\u00bb, come\u00e7ou por referir a familiar.\u00a0<\/p>\n<p>\u00abN\u00e3o, n\u00e3o disse\u00bb, <a href=\"https:\/\/tvi.iol.pt\/bigbrother\/videos\/daniela-santos-e-tia-de-afonso-leitao-entram-num-breve-despique-em-direto\/68aa2b410cf216cd3ad3a3e5\" rel=\"nofollow noopener\" target=\"_blank\">ripostou Daniela Santos, numa altura em que a tens\u00e3o escalou<\/a>: \u00abN\u00e3o digas que n\u00e3o disseste, porque ela (a J\u00e9ssica) disse que sim com a cabe\u00e7a\u00bb, insistiu a tia de Afonso. Visivelmente incomodada com a acusa\u00e7\u00e3o, Daniela reagiu: \u00abIsto \u00e9 grave\u00bb, uma frase que chamou a aten\u00e7\u00e3o para a discuss\u00e3o nas redes sociais.\u00a0<\/p>\n<p>Perante a insist\u00eancia, a ex-concorrente esclareceu: \u00abEu n\u00e3o podia falar ningu\u00e9m e a J\u00e9ssica diz \u2018est\u00e1s bem? E eu fiz-lhe assim no bra\u00e7o e disse \u2018sim\u2019 e afastei-me, porque eu sabia que n\u00e3o podia falar. Mas n\u00e3o fui eu e n\u00e3o esteja a afirmar uma coisa\u2026 eu vou pedir \u00e0 TVI que mostre imagens em que sou eu falar\u00bb, disse indignada.\u00a0<\/p>\n<p>\u00abN\u00e3o. Foi a J\u00e9ssica que disse. Ali\u00e1s nem sei por que raz\u00e3o \u00e9 que eu haveria de levar informa\u00e7\u00f5es para a J\u00e9ssica. A J\u00e9ssica n\u00e3o \u00e9 minha amiga\u00bb, adiantou Daniela. \u00abPodias lhe dar alguma coisa para ela ir contra o Afonso, porque para ti tudo o que seja contra o Afonso est\u00e1 bom\u00bb, respondeu a familiar.\u00a0<\/p>\n<p>Daniela passou-se: \u00abIsto \u00e9 grave, n\u00e3o vou continuar em bate-boca, mas estou de consci\u00eancia tranquila que n\u00e3o falei \u00e0 J\u00e9ssica, foi a J\u00e9ssica que perguntou se eu estava bem e eu disse \u2018sim\u2019 (&#8230;) Isto j\u00e1 n\u00e3o \u00e9 uma insinua\u00e7\u00e3o, \u00e9 uma acusa\u00e7\u00e3o (&#8230;) N\u00e3o vou aceitar que isto aconte\u00e7a aqui\u00bb, rematou.\u00a0<\/p>\n<p>Percorra a galeria de fotografias que prepar\u00e1mos para si e recorde a desist\u00eancia de Daniela Santos no Big Brother Ver\u00e3o.\u00a0<\/p>\n","protected":false},"excerpt":{"rendered":"O Big Brother Ver\u00e3o est\u00e1 ao rubro dentro e&#8230; fora da casa mais vigiada do Pa\u00eds. Este s\u00e1bado&hellip;\n","protected":false},"author":2,"featured_media":43205,"comment_status":"","ping_status":"","sticky":false,"template":"","format":"standard","meta":{"footnotes":""},"categories":[142],"tags":[2031,331,48,329,333,328,335,1397,336,114,115,334,332,330,13,32,33,13225,151,162,227],"class_list":{"0":"post-43204","1":"post","2":"type-post","3":"status-publish","4":"format-standard","5":"has-post-thumbnail","7":"category-tv","8":"tag-afonso-leitao","9":"tag-big","10":"tag-big-brother","11":"tag-claudio-ramos","12":"tag-comentadores","13":"tag-concorrentes","14":"tag-confrontos","15":"tag-daniela-santos","16":"tag-discussoes","17":"tag-entertainment","18":"tag-entretenimento","19":"tag-exclusivos","20":"tag-expulso","21":"tag-gala","22":"tag-noticias","23":"tag-portugal","24":"tag-pt","25":"tag-tia","26":"tag-tv","27":"tag-tvi","28":"tag-videos"},"share_on_mastodon":{"url":"","error":""},"_links":{"self":[{"href":"https:\/\/www.europesays.com\/pt\/wp-json\/wp\/v2\/posts\/43204","targetHints":{"allow":["GET"]}}],"collection":[{"href":"https:\/\/www.europesays.com\/pt\/wp-json\/wp\/v2\/posts"}],"about":[{"href":"https:\/\/www.europesays.com\/pt\/wp-json\/wp\/v2\/types\/post"}],"author":[{"embeddable":true,"href":"https:\/\/www.europesays.com\/pt\/wp-json\/wp\/v2\/users\/2"}],"replies":[{"embeddable":true,"href":"https:\/\/www.europesays.com\/pt\/wp-json\/wp\/v2\/comments?post=43204"}],"version-history":[{"count":0,"href":"https:\/\/www.europesays.com\/pt\/wp-json\/wp\/v2\/posts\/43204\/revisions"}],"wp:featuredmedia":[{"embeddable":true,"href":"https:\/\/www.europesays.com\/pt\/wp-json\/wp\/v2\/media\/43205"}],"wp:attachment":[{"href":"https:\/\/www.europesays.com\/pt\/wp-json\/wp\/v2\/media?parent=43204"}],"wp:term":[{"taxonomy":"category","embeddable":true,"href":"https:\/\/www.europesays.com\/pt\/wp-json\/wp\/v2\/categories?post=43204"},{"taxonomy":"post_tag","embeddable":true,"href":"https:\/\/www.europesays.com\/pt\/wp-json\/wp\/v2\/tags?post=43204"}],"curies":[{"name":"wp","href":"https:\/\/api.w.org\/{rel}","templated":true}]}}