{"id":43208,"date":"2025-08-24T18:17:27","date_gmt":"2025-08-24T18:17:27","guid":{"rendered":"https:\/\/www.europesays.com\/pt\/43208\/"},"modified":"2025-08-24T18:17:27","modified_gmt":"2025-08-24T18:17:27","slug":"sporting-bate-barcelona-e-conquista-international-master-futsal-futsal","status":"publish","type":"post","link":"https:\/\/www.europesays.com\/pt\/43208\/","title":{"rendered":"Sporting bate Barcelona e conquista International Master Futsal &#8211; Futsal"},"content":{"rendered":"<p>O Sporting conquistou a International Master Futsal, este domingo, ao vencer o Barcelona por 5-2. Depois de terem goleado o Palma Maiorca por 4-1, a forma\u00e7\u00e3o leonina bateu agora o outro gigante espanhol para fazer seis pontos.<\/p>\n<p>Os blaugrana marcaram primeiro, aos sete minutos, por Sergio Gonz\u00e1lez e fizeram o 2-0 aos 8&#8242;, por Neguinho.<\/p>\n<p>Na segunda parte, a equipa de Nuno Dias n\u00e3o deu hip\u00f3teses e marcou cinco golos, contra nenhum dos espanh\u00f3is.<\/p>\n<p>Merlim aos 31&#8242; e 32&#8242;, Taynan aos 36&#8242; e 38&#8242; e Wesley (37&#8242;) fizeram os tentos da reviravolta do Sporting.<\/p>\n","protected":false},"excerpt":{"rendered":"O Sporting conquistou a International Master Futsal, este domingo, ao vencer o Barcelona por 5-2. Depois de terem&hellip;\n","protected":false},"author":2,"featured_media":43209,"comment_status":"","ping_status":"","sticky":false,"template":"","format":"standard","meta":{"footnotes":""},"categories":[87],"tags":[135,32,33,134],"class_list":{"0":"post-43208","1":"post","2":"type-post","3":"status-publish","4":"format-standard","5":"has-post-thumbnail","7":"category-desporto","8":"tag-desporto","9":"tag-portugal","10":"tag-pt","11":"tag-sports"},"share_on_mastodon":{"url":"","error":""},"_links":{"self":[{"href":"https:\/\/www.europesays.com\/pt\/wp-json\/wp\/v2\/posts\/43208","targetHints":{"allow":["GET"]}}],"collection":[{"href":"https:\/\/www.europesays.com\/pt\/wp-json\/wp\/v2\/posts"}],"about":[{"href":"https:\/\/www.europesays.com\/pt\/wp-json\/wp\/v2\/types\/post"}],"author":[{"embeddable":true,"href":"https:\/\/www.europesays.com\/pt\/wp-json\/wp\/v2\/users\/2"}],"replies":[{"embeddable":true,"href":"https:\/\/www.europesays.com\/pt\/wp-json\/wp\/v2\/comments?post=43208"}],"version-history":[{"count":0,"href":"https:\/\/www.europesays.com\/pt\/wp-json\/wp\/v2\/posts\/43208\/revisions"}],"wp:featuredmedia":[{"embeddable":true,"href":"https:\/\/www.europesays.com\/pt\/wp-json\/wp\/v2\/media\/43209"}],"wp:attachment":[{"href":"https:\/\/www.europesays.com\/pt\/wp-json\/wp\/v2\/media?parent=43208"}],"wp:term":[{"taxonomy":"category","embeddable":true,"href":"https:\/\/www.europesays.com\/pt\/wp-json\/wp\/v2\/categories?post=43208"},{"taxonomy":"post_tag","embeddable":true,"href":"https:\/\/www.europesays.com\/pt\/wp-json\/wp\/v2\/tags?post=43208"}],"curies":[{"name":"wp","href":"https:\/\/api.w.org\/{rel}","templated":true}]}}