{"id":43212,"date":"2025-08-24T18:19:10","date_gmt":"2025-08-24T18:19:10","guid":{"rendered":"https:\/\/www.europesays.com\/pt\/43212\/"},"modified":"2025-08-24T18:19:10","modified_gmt":"2025-08-24T18:19:10","slug":"cristina-ferreira-gravida-eis-a-resposta-oficial-pela-qual-ninguem-esperava","status":"publish","type":"post","link":"https:\/\/www.europesays.com\/pt\/43212\/","title":{"rendered":"Cristina Ferreira &#8211; Gr\u00e1vida? Eis a resposta oficial pela qual ningu\u00e9m esperava"},"content":{"rendered":"<p>O\u00a0programa \u201cManh\u00e3 CM\u201d foi palco de uma situa\u00e7\u00e3o ins\u00f3lita. Durante a rubrica das \u201cNot\u00edcias dos Famosos\u201d, o apresentador <strong><a href=\"https:\/\/www.novagente.pt\/rui-oliveira-nao-tem-duvidas-aposta-de-700-euros-cristina-ferreira-esta-mesmo-gravida\" rel=\"nofollow noopener\" target=\"_blank\">Rui Oliveira\u00a0decidiu apostar 700 euros <\/a>com os comentadores a prop\u00f3sito das recentes fotografias de Cristina Ferreira na praia, que geraram especula\u00e7\u00e3o sobre uma poss\u00edvel gravidez.<\/strong><\/p>\n<p>Foi Leo Caeiro quem primeiro analisou as imagens e destacou a excelente forma f\u00edsica da apresentadora: <strong>\u201c\u00c9 assim, quem v\u00ea esta foto diz assim, realmente, ela est\u00e1 a Jennifer Lopez portuguesa, est\u00e1 com um corpo escultural aos 47 anos, est\u00e1 melhor que nunca. Ali\u00e1s, ela chegou mesmo \u00e0 melhor vers\u00e3o dela, ela ainda ontem fez um post no Instagram dela, onde explicou realmente o que \u00e9 que mudou na vida dela. E na realidade s\u00f3 houve uma \u00fanica coisa que mudou na vida dela.\u201d<\/strong><\/p>\n<p>O comentador acrescentou ainda: <strong>\u201cNo post que fez, ela foi muito bem expl\u00edcita, publicou 10 ou 11 fotos, mas na realidade aquilo que n\u00f3s conseguimos entender \u00e9 que a \u00fanica coisa que ela mudou na vida dela \u00e9 que ela encontrou a felicidade de se ter apaixonado. N\u00e3o \u00e9 a alimenta\u00e7\u00e3o, nem o gin\u00e1sio, nem os pilates, porque ela agora tudo aquilo que ela gostava de fazer faz com uma pessoa que ama. Portanto, foi a \u00fanica coisa que ela mudou na vida dela\u201d.<\/strong><\/p>\n<p>Enquanto<strong> Leo Caeiro<\/strong> manifestou acreditar numa poss\u00edvel gravidez, <strong>Ana Barbosa e Beatriz Prates<\/strong> mostraram-se c\u00e9ticas. Do lado das apostas, o marido de <strong>Manuel Lu\u00eds Goucha<\/strong> arriscou 700 euros, Ana Barbosa e Beatriz Prates colocaram 100 euros cada, e Leo Caeiro entrou no jogo com 500 euros.<\/p>\n<p>Contudo, agora chegou uma confirma\u00e7\u00e3o oficial. Segundo, a agente da apresentadora,\u00a0In\u00eas Mendes da Silva, disse ao Dioguinho: <strong>&#8220;Obrigada pelo contato! \u00c9 s\u00f3 mais uma fantasia, a Cristina n\u00e3o est\u00e1 gr\u00e1vida. Bom trabalho!\u201d<\/strong><\/p>\n<p>\u00a0<\/p>\n<p>\u00a0<\/p>\n<p>Texto: Tiago Miguel Sim\u00f5es; Fotos: Impala e DR\u00a0<\/p>\n<p class=\"intagram-text\">Siga a Nova Gente no Instagram<\/p>\n<p>                        <a href=\"https:\/\/www.instagram.com\/revistanovagente\/\" target=\"_blank\" aria-label=\"instagram\" rel=\"noopener nofollow\"><img decoding=\"async\" style=\"display: block; margin-left: auto; margin-right: auto; width: 250px; height: 83px;\" src=\"https:\/\/www.europesays.com\/pt\/wp-content\/uploads\/2025\/08\/Instagram_NG.png\" alt=\"instagram\"\/><\/a><br \/>\n                    <script async src=\"\/\/www.instagram.com\/embed.js\"><\/script><\/p>\n","protected":false},"excerpt":{"rendered":"O\u00a0programa \u201cManh\u00e3 CM\u201d foi palco de uma situa\u00e7\u00e3o ins\u00f3lita. Durante a rubrica das \u201cNot\u00edcias dos Famosos\u201d, o apresentador&hellip;\n","protected":false},"author":2,"featured_media":43213,"comment_status":"","ping_status":"","sticky":false,"template":"","format":"standard","meta":{"footnotes":""},"categories":[85],"tags":[166,114,115,13226,13227,32,33],"class_list":{"0":"post-43212","1":"post","2":"type-post","3":"status-publish","4":"format-standard","5":"has-post-thumbnail","7":"category-entretenimento","8":"tag-cristina-ferreira","9":"tag-entertainment","10":"tag-entretenimento","11":"tag-ines-mendes-da-silva","12":"tag-joao-monteiro-gravida","13":"tag-portugal","14":"tag-pt"},"share_on_mastodon":{"url":"","error":""},"_links":{"self":[{"href":"https:\/\/www.europesays.com\/pt\/wp-json\/wp\/v2\/posts\/43212","targetHints":{"allow":["GET"]}}],"collection":[{"href":"https:\/\/www.europesays.com\/pt\/wp-json\/wp\/v2\/posts"}],"about":[{"href":"https:\/\/www.europesays.com\/pt\/wp-json\/wp\/v2\/types\/post"}],"author":[{"embeddable":true,"href":"https:\/\/www.europesays.com\/pt\/wp-json\/wp\/v2\/users\/2"}],"replies":[{"embeddable":true,"href":"https:\/\/www.europesays.com\/pt\/wp-json\/wp\/v2\/comments?post=43212"}],"version-history":[{"count":0,"href":"https:\/\/www.europesays.com\/pt\/wp-json\/wp\/v2\/posts\/43212\/revisions"}],"wp:featuredmedia":[{"embeddable":true,"href":"https:\/\/www.europesays.com\/pt\/wp-json\/wp\/v2\/media\/43213"}],"wp:attachment":[{"href":"https:\/\/www.europesays.com\/pt\/wp-json\/wp\/v2\/media?parent=43212"}],"wp:term":[{"taxonomy":"category","embeddable":true,"href":"https:\/\/www.europesays.com\/pt\/wp-json\/wp\/v2\/categories?post=43212"},{"taxonomy":"post_tag","embeddable":true,"href":"https:\/\/www.europesays.com\/pt\/wp-json\/wp\/v2\/tags?post=43212"}],"curies":[{"name":"wp","href":"https:\/\/api.w.org\/{rel}","templated":true}]}}