{"id":432132,"date":"2026-06-27T11:08:19","date_gmt":"2026-06-27T11:08:19","guid":{"rendered":"https:\/\/www.europesays.com\/pt\/432132\/"},"modified":"2026-06-27T11:08:19","modified_gmt":"2026-06-27T11:08:19","slug":"copa-2026-luciano-huck-abre-as-portas-para-virginia-26-06-2026-celebridades","status":"publish","type":"post","link":"https:\/\/www.europesays.com\/pt\/432132\/","title":{"rendered":"Copa 2026: Luciano Huck abre as portas para Virginia &#8211; 26\/06\/2026 &#8211; Celebridades"},"content":{"rendered":"<p>\n<strong class=\"c-signature__location\">Rio de Janeiro<\/strong>\n<\/p>\n<p>Ap\u00f3s o fim de sua participa\u00e7\u00e3o na cobertura da Copa do Mundo 2026 no Doming\u00e3o com Huck, da Globo, Virginia Fonseca, 27, recebeu uma mensagem p\u00fablica de Luciano Huck. Em publica\u00e7\u00e3o feita nesta sexta-feira (26), o apresentador agradeceu \u00e0 influenciadora pelo per\u00edodo em que integrou a equipe do programa e afirmou que ela poder\u00e1 voltar \u00e0 atra\u00e7\u00e3o.<\/p>\n","protected":false},"excerpt":{"rendered":"Rio de Janeiro Ap\u00f3s o fim de sua participa\u00e7\u00e3o na cobertura da Copa do Mundo 2026 no Doming\u00e3o&hellip;\n","protected":false},"author":2,"featured_media":432133,"comment_status":"","ping_status":"","sticky":false,"template":"","format":"standard","meta":{"footnotes":"","_share_on_mastodon":"0"},"categories":[145],"tags":[219,211,210,223,46161,9027,114,115,224,225,226,753,221,220,222,1015,2815,32,33,218,1934,228,227,1446],"class_list":["post-432132","post","type-post","status-publish","format-standard","has-post-thumbnail","category-celebridades","tag-bichos","tag-celebridades","tag-celebrities","tag-colunistas","tag-copa-do-mundo-2026","tag-domingo-com-huck","tag-entertainment","tag-entretenimento","tag-estranho","tag-eu-amo","tag-fofices","tag-globo","tag-horoscopo","tag-humanos","tag-humor","tag-instagram","tag-luciano-huck","tag-portugal","tag-pt","tag-televisao","tag-tiktok","tag-tudo","tag-videos","tag-virginia-fonseca"],"share_on_mastodon":{"url":"https:\/\/pubeurope.com\/@pt\/116821760802259874","error":""},"_links":{"self":[{"href":"https:\/\/www.europesays.com\/pt\/wp-json\/wp\/v2\/posts\/432132","targetHints":{"allow":["GET"]}}],"collection":[{"href":"https:\/\/www.europesays.com\/pt\/wp-json\/wp\/v2\/posts"}],"about":[{"href":"https:\/\/www.europesays.com\/pt\/wp-json\/wp\/v2\/types\/post"}],"author":[{"embeddable":true,"href":"https:\/\/www.europesays.com\/pt\/wp-json\/wp\/v2\/users\/2"}],"replies":[{"embeddable":true,"href":"https:\/\/www.europesays.com\/pt\/wp-json\/wp\/v2\/comments?post=432132"}],"version-history":[{"count":0,"href":"https:\/\/www.europesays.com\/pt\/wp-json\/wp\/v2\/posts\/432132\/revisions"}],"wp:featuredmedia":[{"embeddable":true,"href":"https:\/\/www.europesays.com\/pt\/wp-json\/wp\/v2\/media\/432133"}],"wp:attachment":[{"href":"https:\/\/www.europesays.com\/pt\/wp-json\/wp\/v2\/media?parent=432132"}],"wp:term":[{"taxonomy":"category","embeddable":true,"href":"https:\/\/www.europesays.com\/pt\/wp-json\/wp\/v2\/categories?post=432132"},{"taxonomy":"post_tag","embeddable":true,"href":"https:\/\/www.europesays.com\/pt\/wp-json\/wp\/v2\/tags?post=432132"}],"curies":[{"name":"wp","href":"https:\/\/api.w.org\/{rel}","templated":true}]}}