{"id":43218,"date":"2025-08-24T18:22:07","date_gmt":"2025-08-24T18:22:07","guid":{"rendered":"https:\/\/www.europesays.com\/pt\/43218\/"},"modified":"2025-08-24T18:22:07","modified_gmt":"2025-08-24T18:22:07","slug":"militares-em-chicago-como-em-washington-e-abuso-de-poder-atualidade","status":"publish","type":"post","link":"https:\/\/www.europesays.com\/pt\/43218\/","title":{"rendered":"Militares em Chicago como em Washington \u00e9 &#8220;abuso de poder&#8221; &#8211; Atualidade"},"content":{"rendered":"<p data-start=\"532\" data-end=\"764\"><strong>Acompanhe toda a atualidade informativa em\u00a0<a href=\"https:\/\/24noticias.sapo.pt\/\" target=\"_blank\" rel=\"noopener noreferrer nofollow\">24noticias.sapo.pt<\/a><\/strong><\/p>\n<p data-start=\"340\" data-end=\"917\">Trump j\u00e1 tinha mobilizado cerca de 2.000 militares para Washington DC, cidade tamb\u00e9m governada por democratas, no \u00e2mbito do que descreve como uma ofensiva contra o crime urbano. O presidente anunciou agora a inten\u00e7\u00e3o de estender a medida a Chicago e Nova Iorque, mas os respons\u00e1veis locais contestam. O autarca de Chicago, Brandon Johnson, disse n\u00e3o ter recebido informa\u00e7\u00f5es sobre a opera\u00e7\u00e3o e alertou que o envio de tropas seria \u201cilegal, descoordenado e perigoso\u201d, podendo aumentar a tens\u00e3o entre popula\u00e7\u00e3o e pol\u00edcia e p\u00f4r em causa progressos no combate ao crime, segundo a <a href=\"https:\/\/www.bbc.com\/news\/articles\/cd7yperjxneo\" target=\"_blank\" rel=\"noopener noreferrer nofollow\">BBC<\/a>.<\/p>\n<p data-start=\"919\" data-end=\"1366\">Entretanto, o secret\u00e1rio da Defesa, Pete Hegseth, ordenou que os soldados da Guarda Nacional destacados em Washington passem a estar armados, contrariando indica\u00e7\u00f5es anteriores do Pent\u00e1gono e do Ex\u00e9rcito de que a miss\u00e3o seria apenas dissuasora e sem recurso a armas. Para j\u00e1, os militares n\u00e3o participam diretamente em opera\u00e7\u00f5es policiais, limitando-se a vigiar locais estrat\u00e9gicos como o National Mall e a esta\u00e7\u00e3o Union Station.<\/p>\n<p>A sua newsletter de sempre, agora ainda mais \u00fatil<\/p>\n<p>Com o lan\u00e7amento da nova marca de informa\u00e7\u00e3o\u00a0<strong>24not\u00edcias<\/strong>, estamos\u00a0a mudar a plataforma de newsletters, aproveitando para refor\u00e7ar a informa\u00e7\u00e3o que os leitores mais valorizam:\u00a0<strong>a que lhes \u00e9 \u00fatil, ajuda a tomar decis\u00f5es e a entender o mundo.<\/strong><\/p>\n<p><strong>Assine a nova newsletter do 24not\u00edcias\u00a0<a href=\"https:\/\/sapo.us1.list-manage.com\/subscribe?u=8f49263740b14ab5854be8045&amp;id=57a39c5e8f\" target=\"_blank\" rel=\"noopener noreferrer nofollow\">aqui<\/a>.\u00a0<\/strong><\/p>\n<p data-start=\"1368\" data-end=\"1789\">Trump considera que a mobiliza\u00e7\u00e3o trouxe \u201cseguran\u00e7a total\u201d \u00e0 capital e admite declarar um estado de emerg\u00eancia nacional para prolongar indefinidamente a presen\u00e7a das tropas, caso o prazo inicial de 30 dias n\u00e3o seja suficiente. A Casa Branca espera mobilizar at\u00e9 1.700 guardas nacionais em 19 estados, sendo o Texas o que receber\u00e1 mais efetivos, com fun\u00e7\u00f5es de apoio ao ICE e como for\u00e7a de dissuas\u00e3o vis\u00edvel.<\/p>\n<p data-start=\"1791\" data-end=\"2132\">Apesar das cr\u00edticas locais \u2014 a presidente da c\u00e2mara de Washington, Muriel Bowser, invoca uma descida significativa da criminalidade, para n\u00edveis m\u00ednimos de 30 anos \u2014, Trump garante que a opera\u00e7\u00e3o \u00e9 um sucesso. A administra\u00e7\u00e3o republicana j\u00e1 contabiliza mais de 700 deten\u00e7\u00f5es e 91 armas ilegais apreendidas desde o in\u00edcio da miss\u00e3o.<\/p>\n","protected":false},"excerpt":{"rendered":"Acompanhe toda a atualidade informativa em\u00a024noticias.sapo.pt Trump j\u00e1 tinha mobilizado cerca de 2.000 militares para Washington DC, cidade&hellip;\n","protected":false},"author":2,"featured_media":43219,"comment_status":"","ping_status":"","sticky":false,"template":"","format":"standard","meta":{"footnotes":""},"categories":[50],"tags":[27,28,15,16,14,25,26,21,22,62,12,13,19,20,23,24,17,18,29,30,31,63,64,65],"class_list":{"0":"post-43218","1":"post","2":"type-post","3":"status-publish","4":"format-standard","5":"has-post-thumbnail","7":"category-mundo","8":"tag-breaking-news","9":"tag-breakingnews","10":"tag-featured-news","11":"tag-featurednews","12":"tag-headlines","13":"tag-latest-news","14":"tag-latestnews","15":"tag-main-news","16":"tag-mainnews","17":"tag-mundo","18":"tag-news","19":"tag-noticias","20":"tag-noticias-principais","21":"tag-noticiasprincipais","22":"tag-principais-noticias","23":"tag-principaisnoticias","24":"tag-top-stories","25":"tag-topstories","26":"tag-ultimas","27":"tag-ultimas-noticias","28":"tag-ultimasnoticias","29":"tag-world","30":"tag-world-news","31":"tag-worldnews"},"share_on_mastodon":{"url":"","error":""},"_links":{"self":[{"href":"https:\/\/www.europesays.com\/pt\/wp-json\/wp\/v2\/posts\/43218","targetHints":{"allow":["GET"]}}],"collection":[{"href":"https:\/\/www.europesays.com\/pt\/wp-json\/wp\/v2\/posts"}],"about":[{"href":"https:\/\/www.europesays.com\/pt\/wp-json\/wp\/v2\/types\/post"}],"author":[{"embeddable":true,"href":"https:\/\/www.europesays.com\/pt\/wp-json\/wp\/v2\/users\/2"}],"replies":[{"embeddable":true,"href":"https:\/\/www.europesays.com\/pt\/wp-json\/wp\/v2\/comments?post=43218"}],"version-history":[{"count":0,"href":"https:\/\/www.europesays.com\/pt\/wp-json\/wp\/v2\/posts\/43218\/revisions"}],"wp:featuredmedia":[{"embeddable":true,"href":"https:\/\/www.europesays.com\/pt\/wp-json\/wp\/v2\/media\/43219"}],"wp:attachment":[{"href":"https:\/\/www.europesays.com\/pt\/wp-json\/wp\/v2\/media?parent=43218"}],"wp:term":[{"taxonomy":"category","embeddable":true,"href":"https:\/\/www.europesays.com\/pt\/wp-json\/wp\/v2\/categories?post=43218"},{"taxonomy":"post_tag","embeddable":true,"href":"https:\/\/www.europesays.com\/pt\/wp-json\/wp\/v2\/tags?post=43218"}],"curies":[{"name":"wp","href":"https:\/\/api.w.org\/{rel}","templated":true}]}}