{"id":432195,"date":"2026-06-27T12:07:32","date_gmt":"2026-06-27T12:07:32","guid":{"rendered":"https:\/\/www.europesays.com\/pt\/432195\/"},"modified":"2026-06-27T12:07:32","modified_gmt":"2026-06-27T12:07:32","slug":"vera-fischer-conta-pedido-que-fez-a-mick-jagger-durante-jantar-com-astro-e-narcisa","status":"publish","type":"post","link":"https:\/\/www.europesays.com\/pt\/432195\/","title":{"rendered":"Vera Fischer conta pedido que fez a Mick Jagger durante jantar com astro e Narcisa"},"content":{"rendered":"\n<p class=\"resumo_item_amdb\">Vera Fischer compartilhou nas redes sociais uma lembran\u00e7a de um jantar em 1998 com Mick Jagger, onde fez um pedido ao cantor que n\u00e3o se concretizou, mas se tornou uma mem\u00f3ria especial.<\/p>\n<p class=\"resumo_item_amdb\">Durante a noite, a atriz teve uma conversa significativa com Jagger, que aceitou seu pedido de cantar, desde que ela encenasse uma cena, o que n\u00e3o aconteceu.<\/p>\n<p class=\"resumo_item_amdb\">Fischer relembrou o encontro como um momento marcante, destacando a import\u00e2ncia das mem\u00f3rias que perduram ao longo do tempo.<\/p>\n","protected":false},"excerpt":{"rendered":"Vera Fischer compartilhou nas redes sociais uma lembran\u00e7a de um jantar em 1998 com Mick Jagger, onde fez&hellip;\n","protected":false},"author":2,"featured_media":432196,"comment_status":"","ping_status":"","sticky":false,"template":"","format":"standard","meta":{"footnotes":"","_share_on_mastodon":"0"},"categories":[145],"tags":[211,210,7455,114,115,1853,69984,32,33,10206],"class_list":["post-432195","post","type-post","status-publish","format-standard","has-post-thumbnail","category-celebridades","tag-celebridades","tag-celebrities","tag-encontro","tag-entertainment","tag-entretenimento","tag-mick-jagger","tag-narcisa","tag-portugal","tag-pt","tag-vera-fischer"],"share_on_mastodon":{"url":"https:\/\/pubeurope.com\/@pt\/116821992754639285","error":""},"_links":{"self":[{"href":"https:\/\/www.europesays.com\/pt\/wp-json\/wp\/v2\/posts\/432195","targetHints":{"allow":["GET"]}}],"collection":[{"href":"https:\/\/www.europesays.com\/pt\/wp-json\/wp\/v2\/posts"}],"about":[{"href":"https:\/\/www.europesays.com\/pt\/wp-json\/wp\/v2\/types\/post"}],"author":[{"embeddable":true,"href":"https:\/\/www.europesays.com\/pt\/wp-json\/wp\/v2\/users\/2"}],"replies":[{"embeddable":true,"href":"https:\/\/www.europesays.com\/pt\/wp-json\/wp\/v2\/comments?post=432195"}],"version-history":[{"count":0,"href":"https:\/\/www.europesays.com\/pt\/wp-json\/wp\/v2\/posts\/432195\/revisions"}],"wp:featuredmedia":[{"embeddable":true,"href":"https:\/\/www.europesays.com\/pt\/wp-json\/wp\/v2\/media\/432196"}],"wp:attachment":[{"href":"https:\/\/www.europesays.com\/pt\/wp-json\/wp\/v2\/media?parent=432195"}],"wp:term":[{"taxonomy":"category","embeddable":true,"href":"https:\/\/www.europesays.com\/pt\/wp-json\/wp\/v2\/categories?post=432195"},{"taxonomy":"post_tag","embeddable":true,"href":"https:\/\/www.europesays.com\/pt\/wp-json\/wp\/v2\/tags?post=432195"}],"curies":[{"name":"wp","href":"https:\/\/api.w.org\/{rel}","templated":true}]}}