{"id":43220,"date":"2025-08-24T18:23:07","date_gmt":"2025-08-24T18:23:07","guid":{"rendered":"https:\/\/www.europesays.com\/pt\/43220\/"},"modified":"2025-08-24T18:23:07","modified_gmt":"2025-08-24T18:23:07","slug":"jovem-bombeira-de-esposende-gravemente-ferida-durante-combate-a-incendio-em-vila-verde","status":"publish","type":"post","link":"https:\/\/www.europesays.com\/pt\/43220\/","title":{"rendered":"Jovem bombeira de Esposende gravemente ferida durante combate a inc\u00eandio em Vila Verde"},"content":{"rendered":"<p>Ao que o JN apurou, a operacional, de apenas 21 anos, ter\u00e1 sofrido uma queda aparatosa durante o combate \u00e0s chamas e teve. Acabou por ser transportada para o Hospital de Braga com ferimentos considerados graves.<\/p>\n<p data-remotead-prev-elm=\"true\" data-remotead-elm-id=\"inread\">O inc\u00eandio, que deflagrou por volta das 13h30 e mobiliza quase uma centena de bombeiros apoiados por diversos meios terrestres e a\u00e9reos. As chamas continuam a preocupar as autoridades devido \u00e0 intensidade e \u00e0 dimens\u00e3o da \u00e1rea afetada.<\/p>\n","protected":false},"excerpt":{"rendered":"Ao que o JN apurou, a operacional, de apenas 21 anos, ter\u00e1 sofrido uma queda aparatosa durante o&hellip;\n","protected":false},"author":2,"featured_media":43221,"comment_status":"","ping_status":"","sticky":false,"template":"","format":"standard","meta":{"footnotes":""},"categories":[10],"tags":[27,28,15,16,14,25,26,21,22,12,13,19,20,32,23,24,33,17,18,29,30,31],"class_list":{"0":"post-43220","1":"post","2":"type-post","3":"status-publish","4":"format-standard","5":"has-post-thumbnail","7":"category-portugal","8":"tag-breaking-news","9":"tag-breakingnews","10":"tag-featured-news","11":"tag-featurednews","12":"tag-headlines","13":"tag-latest-news","14":"tag-latestnews","15":"tag-main-news","16":"tag-mainnews","17":"tag-news","18":"tag-noticias","19":"tag-noticias-principais","20":"tag-noticiasprincipais","21":"tag-portugal","22":"tag-principais-noticias","23":"tag-principaisnoticias","24":"tag-pt","25":"tag-top-stories","26":"tag-topstories","27":"tag-ultimas","28":"tag-ultimas-noticias","29":"tag-ultimasnoticias"},"share_on_mastodon":{"url":"","error":""},"_links":{"self":[{"href":"https:\/\/www.europesays.com\/pt\/wp-json\/wp\/v2\/posts\/43220","targetHints":{"allow":["GET"]}}],"collection":[{"href":"https:\/\/www.europesays.com\/pt\/wp-json\/wp\/v2\/posts"}],"about":[{"href":"https:\/\/www.europesays.com\/pt\/wp-json\/wp\/v2\/types\/post"}],"author":[{"embeddable":true,"href":"https:\/\/www.europesays.com\/pt\/wp-json\/wp\/v2\/users\/2"}],"replies":[{"embeddable":true,"href":"https:\/\/www.europesays.com\/pt\/wp-json\/wp\/v2\/comments?post=43220"}],"version-history":[{"count":0,"href":"https:\/\/www.europesays.com\/pt\/wp-json\/wp\/v2\/posts\/43220\/revisions"}],"wp:featuredmedia":[{"embeddable":true,"href":"https:\/\/www.europesays.com\/pt\/wp-json\/wp\/v2\/media\/43221"}],"wp:attachment":[{"href":"https:\/\/www.europesays.com\/pt\/wp-json\/wp\/v2\/media?parent=43220"}],"wp:term":[{"taxonomy":"category","embeddable":true,"href":"https:\/\/www.europesays.com\/pt\/wp-json\/wp\/v2\/categories?post=43220"},{"taxonomy":"post_tag","embeddable":true,"href":"https:\/\/www.europesays.com\/pt\/wp-json\/wp\/v2\/tags?post=43220"}],"curies":[{"name":"wp","href":"https:\/\/api.w.org\/{rel}","templated":true}]}}