{"id":432227,"date":"2026-06-27T12:44:27","date_gmt":"2026-06-27T12:44:27","guid":{"rendered":"https:\/\/www.europesays.com\/pt\/432227\/"},"modified":"2026-06-27T12:44:27","modified_gmt":"2026-06-27T12:44:27","slug":"afonso-leitao-amigos-revelam-a-catarina-miranda-o-que-ele-fez-antes-de-entrar-no-desafio-final-foi-ao-motel","status":"publish","type":"post","link":"https:\/\/www.europesays.com\/pt\/432227\/","title":{"rendered":"Afonso Leit\u00e3o &#8211; Amigos revelam a Catarina Miranda o que ele fez antes de entrar no Desafio Final: \u201cFoi ao motel\u2026\u201d"},"content":{"rendered":"<p><strong>Catarina Miranda<\/strong> colocou um <a href=\"https:\/\/www.novagente.pt\/catarina-miranda-bomba-gabriel-sousa-expoe-traicoes-de-afonso-leitao-obvio-que-ia-acontecer\" rel=\"nofollow noopener\" target=\"_blank\">ponto final na rela\u00e7\u00e3o<\/a> ainda <strong>Afonso Leit\u00e3o <\/strong>estava no <strong>Desafio Final<\/strong>. A ribatejana revelou nas redes sociais, e em direto na televis\u00e3o, que <a href=\"https:\/\/www.novagente.pt\/catarina-miranda-expoe-novas-mensagens-de-afonso-leitao-envolvem-daniela-santos-descobri-que\" rel=\"nofollow noopener\" target=\"_blank\">descobriu trai\u00e7\u00f5es <\/a>por parte do jovem de Lisboa que remontavam ao in\u00edcio da rela\u00e7\u00e3o.<\/p>\n<p>Desde a sa\u00edda do ex-concorrente, os dois n\u00e3o t\u00eam mantido contacto, apenas chegaram a encontrar-se para que Miranda entregasse os documentos a Afonso e para tratarem\u00a0da casa no Montijo.<\/p>\n<p>Recentemente, foi anunciado que Catarina Miranda<a href=\"https:\/\/www.novagente.pt\/catarina-miranda-revela-sobre-novo-projeto-na-cmtv-se-tudo-correr-mal-eu-volto\" rel=\"nofollow noopener\" target=\"_blank\"> est\u00e1 de volta \u00e0 <strong>CMTV<\/strong><\/a> e ter\u00e1 uma rubrica em seu nome.<\/p>\n<p>Esta sexta-feira, 26 de junho, a ex-concorrente do <strong>Big Brother<\/strong> esteve em direto no programa <strong>Ol\u00e1, Bom Dia<\/strong> para falar sobre o novo projeto, mas a ex-rela\u00e7\u00e3o com Afonso Leit\u00e3o tamb\u00e9m foi tema de conversa.<\/p>\n<p><strong>\u201cJ\u00e1 n\u00e3o h\u00e1 desculpa para aquilo que ele fez (\u2026) Ele tinha que me pedir desculpa muitas vezes, porque foram tantas\u2026 Foram v\u00e1rias mensagens, com v\u00e1rias raparigas\u201d<\/strong>, come\u00e7ou por dizer.<\/p>\n<blockquote>\n<p>Leia tamb\u00e9m: <a href=\"https:\/\/www.novagente.pt\/catarina-miranda-revela-finalmente-para-que-fins-usou-cartao-bancario-de-afonso-leitao-na-sua\" rel=\"nofollow noopener\" target=\"_blank\">Catarina Miranda revela finalmente para que fins usou o cart\u00e3o banc\u00e1rio de Afonso Leit\u00e3o&#8230; na sua aus\u00eancia<\/a><\/p>\n<\/blockquote>\n<p>Entre v\u00e1rias perguntas feitas por <strong>L\u00e9o Caeiro<\/strong>, a antiga rep\u00f3rter da TVI acabou revelar que teve <strong>amigos do ex-namorado a confirmarem-lhe tudo<\/strong>.<\/p>\n<p><strong>\u201cOlha Catarina, desculpa, n\u00f3s j\u00e1 sab\u00edamos de tudo, inclusive no dia antes de ele entrar na casa, ele foi connosco ao motel jantar e ele esteve a apagar as mensagens todas \u00e0 nossa frente. Inclusive criava j\u00e1 uma maneira de meter nos ocultos, de maneira a que mesmo com o Face ID\u2026\u201d<\/strong>, exp\u00f4s o que lhe disseram.<\/p>\n<p>\u201cOs amigos vieram-me contar que \u00e9 verdade e que n\u00e3o sabem por que \u00e9 que ele continua a mentir\u201d, rematou.<\/p>\n<p>\u00a0<\/p>\n<p>Texto: Carolina Charrua; Fotos: Redes sociais e Impala<\/p>\n<p class=\"intagram-text\">Siga a Nova Gente no Instagram<\/p>\n<p>                        <a href=\"https:\/\/www.instagram.com\/revistanovagente\/\" target=\"_blank\" aria-label=\"instagram\" rel=\"noopener nofollow\"><img decoding=\"async\" style=\"display: block; margin-left: auto; margin-right: auto; width: 250px; height: 83px;\" src=\"https:\/\/www.europesays.com\/pt\/wp-content\/uploads\/2026\/06\/1782544241_535_Instagram_NG.png\" alt=\"instagram\"\/><\/a><br \/>\n                    <script async src=\"\/\/www.instagram.com\/embed.js\"><\/script><\/p>\n","protected":false},"excerpt":{"rendered":"Catarina Miranda colocou um ponto final na rela\u00e7\u00e3o ainda Afonso Leit\u00e3o estava no Desafio Final. A ribatejana revelou&hellip;\n","protected":false},"author":2,"featured_media":432228,"comment_status":"","ping_status":"","sticky":false,"template":"","format":"standard","meta":{"footnotes":"","_share_on_mastodon":"0"},"categories":[85],"tags":[2031,342,15383,114,115,32,33,5870,1509,1196],"class_list":["post-432227","post","type-post","status-publish","format-standard","has-post-thumbnail","category-entretenimento","tag-afonso-leitao","tag-catarina-miranda","tag-desafio-final","tag-entertainment","tag-entretenimento","tag-portugal","tag-pt","tag-relacao","tag-separacao","tag-traicao"],"share_on_mastodon":{"url":"https:\/\/pubeurope.com\/@pt\/116822138295912331","error":""},"_links":{"self":[{"href":"https:\/\/www.europesays.com\/pt\/wp-json\/wp\/v2\/posts\/432227","targetHints":{"allow":["GET"]}}],"collection":[{"href":"https:\/\/www.europesays.com\/pt\/wp-json\/wp\/v2\/posts"}],"about":[{"href":"https:\/\/www.europesays.com\/pt\/wp-json\/wp\/v2\/types\/post"}],"author":[{"embeddable":true,"href":"https:\/\/www.europesays.com\/pt\/wp-json\/wp\/v2\/users\/2"}],"replies":[{"embeddable":true,"href":"https:\/\/www.europesays.com\/pt\/wp-json\/wp\/v2\/comments?post=432227"}],"version-history":[{"count":0,"href":"https:\/\/www.europesays.com\/pt\/wp-json\/wp\/v2\/posts\/432227\/revisions"}],"wp:featuredmedia":[{"embeddable":true,"href":"https:\/\/www.europesays.com\/pt\/wp-json\/wp\/v2\/media\/432228"}],"wp:attachment":[{"href":"https:\/\/www.europesays.com\/pt\/wp-json\/wp\/v2\/media?parent=432227"}],"wp:term":[{"taxonomy":"category","embeddable":true,"href":"https:\/\/www.europesays.com\/pt\/wp-json\/wp\/v2\/categories?post=432227"},{"taxonomy":"post_tag","embeddable":true,"href":"https:\/\/www.europesays.com\/pt\/wp-json\/wp\/v2\/tags?post=432227"}],"curies":[{"name":"wp","href":"https:\/\/api.w.org\/{rel}","templated":true}]}}