{"id":43224,"date":"2025-08-24T18:25:17","date_gmt":"2025-08-24T18:25:17","guid":{"rendered":"https:\/\/www.europesays.com\/pt\/43224\/"},"modified":"2025-08-24T18:25:17","modified_gmt":"2025-08-24T18:25:17","slug":"marco-luque-se-casa-com-jessica-correia-em-fernando-de-noronha-veja-como-foi-celebridades","status":"publish","type":"post","link":"https:\/\/www.europesays.com\/pt\/43224\/","title":{"rendered":"Marco Luque se casa com Je\u0301ssica Correia em Fernando de Noronha; veja como foi | Celebridades"},"content":{"rendered":"<p>                                        Marco Luque e Jessica Correia se casam &#8211; Reprodu\u00e7\u00e3o do Instagram<\/p>\n<p class=\"content-media__description\">Marco Luque e Jessica Correia se casamReprodu\u00e7\u00e3o do Instagram<\/p>\n<p>                                                        Publicado 24\/08\/2025 09:28 | Atualizado 24\/08\/2025 09:30\n                    <\/p>\n<p>Rio &#8211;\u00a0Marco Luque, 51 anos, se casou com a maquiadora J\u00e9ssica Correia, de 32, neste s\u00e1bado (23), em uma cerim\u00f4nia realizada ao ar livre em Fernando de Noronha. O enlace reuniu familiares e amigos do casal, como\u00a0Rafa Brites, Felipe Andreoli, Paulinho Vilhena, Leo Picon e\u00a0Diogo Portugal.<\/p>\n<p>Marco foi at\u00e9 ao altar ao som da m\u00fasica &#8220;Por Voc\u00ea&#8221;, do\u00a0Tit\u00e3s.\u00a0Em um momento da cerim\u00f4nia, o humorista e J\u00e9ssica trocaram beijinhos e se emocionaram ao som de &#8220;Eu Juro&#8221;, de Leandro e Leonardo.\u00a0<\/p>\n<p>A festa aconteceu, em seguida, em um famoso bar da regi\u00e3o. Animados, os noivos dan\u00e7aram &#8220;Can&#8217;t Take My Eyes Off You&#8221;. Um registro do momento foi compartilhado por Andreoli no Instagram. &#8220;Pessoas incr\u00edveis merecem casamento e dias m\u00e1gicos como foram esses&#8221;, escreveu ele.\u00a0\u00a0<\/p>\n<p>Os noivos tamb\u00e9m dera um show no palco. Jessica entoou o hit &#8220;Eva&#8221;, da Banda Eva. J\u00e1 Luque optou por soltar a voz ao som de &#8220;Oh! Chuva&#8221;. Os convidados se divertiram bastante.\u00a0<\/p>\n<p>Juntos desde janeiro de 2021, Marco e Jessica ficaram noivos dois anos depois e <a href=\"https:\/\/odia.ig.com.br\/diversao\/celebridades\/2025\/07\/7095887-marco-luque-se-casa-no-civil-com-je-ssica-correia.html\" rel=\"nofollow noopener\" target=\"_blank\">oficializaram a uni\u00e3o no civil em julho deste ano.\u00a0\u00a0<\/a><\/p>\n","protected":false},"excerpt":{"rendered":"Marco Luque e Jessica Correia se casam &#8211; Reprodu\u00e7\u00e3o do Instagram Marco Luque e Jessica Correia se casamReprodu\u00e7\u00e3o&hellip;\n","protected":false},"author":2,"featured_media":43225,"comment_status":"","ping_status":"","sticky":false,"template":"","format":"standard","meta":{"footnotes":""},"categories":[145],"tags":[1435,211,210,114,115,13230,13229,13228,32,33],"class_list":{"0":"post-43224","1":"post","2":"type-post","3":"status-publish","4":"format-standard","5":"has-post-thumbnail","7":"category-celebridades","8":"tag-casamento","9":"tag-celebridades","10":"tag-celebrities","11":"tag-entertainment","12":"tag-entretenimento","13":"tag-fernando-de-noronha","14":"tag-jessica-correia","15":"tag-marco-luque","16":"tag-portugal","17":"tag-pt"},"share_on_mastodon":{"url":"","error":""},"_links":{"self":[{"href":"https:\/\/www.europesays.com\/pt\/wp-json\/wp\/v2\/posts\/43224","targetHints":{"allow":["GET"]}}],"collection":[{"href":"https:\/\/www.europesays.com\/pt\/wp-json\/wp\/v2\/posts"}],"about":[{"href":"https:\/\/www.europesays.com\/pt\/wp-json\/wp\/v2\/types\/post"}],"author":[{"embeddable":true,"href":"https:\/\/www.europesays.com\/pt\/wp-json\/wp\/v2\/users\/2"}],"replies":[{"embeddable":true,"href":"https:\/\/www.europesays.com\/pt\/wp-json\/wp\/v2\/comments?post=43224"}],"version-history":[{"count":0,"href":"https:\/\/www.europesays.com\/pt\/wp-json\/wp\/v2\/posts\/43224\/revisions"}],"wp:featuredmedia":[{"embeddable":true,"href":"https:\/\/www.europesays.com\/pt\/wp-json\/wp\/v2\/media\/43225"}],"wp:attachment":[{"href":"https:\/\/www.europesays.com\/pt\/wp-json\/wp\/v2\/media?parent=43224"}],"wp:term":[{"taxonomy":"category","embeddable":true,"href":"https:\/\/www.europesays.com\/pt\/wp-json\/wp\/v2\/categories?post=43224"},{"taxonomy":"post_tag","embeddable":true,"href":"https:\/\/www.europesays.com\/pt\/wp-json\/wp\/v2\/tags?post=43224"}],"curies":[{"name":"wp","href":"https:\/\/api.w.org\/{rel}","templated":true}]}}