{"id":432246,"date":"2026-06-27T13:04:35","date_gmt":"2026-06-27T13:04:35","guid":{"rendered":"https:\/\/www.europesays.com\/pt\/432246\/"},"modified":"2026-06-27T13:04:35","modified_gmt":"2026-06-27T13:04:35","slug":"mario-bregieira-posa-com-a-familia-em-contagem-regressiva-para-nascimento-da-filha-r7-entretenimento","status":"publish","type":"post","link":"https:\/\/www.europesays.com\/pt\/432246\/","title":{"rendered":"Mario Bregieira posa com a fam\u00edlia em contagem regressiva para nascimento da filha \u2013 R7 Entretenimento"},"content":{"rendered":"<p><img decoding=\"async\" data-chromatic=\"ignore\" alt=\"\" class=\"c-image\" loading=\"lazy\" src=\"https:\/\/www.europesays.com\/pt\/wp-content\/uploads\/2026\/06\/EVJM5RHMDFBLRPL2ZGVNEJRXJY.png\"  width=\"677\" height=\"369\"\/>Mario Bregieira faz contagem regressiva para nascimento da 2\u00aa filha Reprodu\u00e7\u00e3o\/Instagram @mabregieira <\/p>\n<p class=\"jarvics:base-text-neutral-high-400 xovem:base-text-dark-high-400 base-text-[calc(theme(fontSize.xs)_*_var(--font-size,_1))] base-font-normal base-font-primary base-text-neutral-low-500 base-text-left\"><a href=\"https:\/\/www.r7.com\/tudo-sobre\/mario-bregieira\/\" target=\"_self\" rel=\"nofollow noopener\" title=\"https:\/\/www.r7.com\/tudo-sobre\/mario-bregieira\/\"><b>Mario Bregieira<\/b><\/a>, respons\u00e1vel por viver <b>Drusus<\/b> em<b> <\/b><a href=\"https:\/\/entretenimento.r7.com\/famosos-e-tv\/ben-hur\/\" target=\"_self\" rel=\"nofollow noopener\" title=\"https:\/\/entretenimento.r7.com\/famosos-e-tv\/ben-hur\/\"><b>Ben-Hur<\/b><\/a>, compartilhou uma contagem regressiva para o nascimento de Catarina, fruto do casamento com P\u00e9rola Faria. Os dois j\u00e1 s\u00e3o pais de Joaquim, de 3 anos, que tamb\u00e9m apareceu nas fotos.<\/p>\n<p class=\"jarvics:base-text-neutral-high-400 xovem:base-text-dark-high-400 base-text-[calc(theme(fontSize.xs)_*_var(--font-size,_1))] base-font-normal base-font-primary base-text-neutral-low-500 base-text-left\">Nos coment\u00e1rios da publica\u00e7\u00e3o, P\u00e9rola se declarou: \u201cTe amo tanto, e amo a nossa fam\u00edlia crescendo\u201d. <\/p>\n<p class=\"jarvics:base-text-neutral-high-400 xovem:base-text-dark-high-400 base-text-[calc(theme(fontSize.xs)_*_var(--font-size,_1))] base-font-normal base-font-primary base-text-neutral-low-500 base-text-left\">Os dois s\u00e3o casados desde 2023 e hoje vivem no interior de S\u00e3o Paulo. <\/p>\n<p class=\"jarvics:base-text-neutral-high-400 xovem:base-text-dark-high-400 base-text-[calc(theme(fontSize.xs)_*_var(--font-size,_1))] base-font-normal base-font-primary base-text-neutral-low-500 base-text-left\">Celebrando o momento da fam\u00edlia, nomes como <a href=\"https:\/\/www.r7.com\/tudo-sobre\/brendha-haddad\/\" target=\"_self\" rel=\"nofollow noopener\" title=\"https:\/\/www.r7.com\/tudo-sobre\/brendha-haddad\/\"><b>Brendha Haddad<\/b><\/a>, que esteve no elenco de <a href=\"https:\/\/record.r7.com\/reis\/\" target=\"_self\" rel=\"nofollow noopener\" title=\"https:\/\/record.r7.com\/reis\/\"><b>Reis<\/b><\/a>, deixaram elogios na publica\u00e7\u00e3o: \u201cQue lindos\u201d, escreveu.<\/p>\n<p class=\"jarvics:base-text-neutral-high-400 xovem:base-text-dark-high-400 base-text-[calc(theme(fontSize.xs)_*_var(--font-size,_1))] base-font-normal base-font-primary base-text-neutral-low-500 base-text-left\"><a href=\"https:\/\/www.r7.com\/tudo-sobre\/sidney-sampaio\/\" target=\"_self\" rel=\"nofollow noopener\" title=\"https:\/\/www.r7.com\/tudo-sobre\/sidney-sampaio\/\"><b>Sidney Sampaio<\/b><\/a>, que est\u00e1 no elenco de <a href=\"https:\/\/entretenimento.r7.com\/famosos-e-tv\/amor-em-ruinas\/\" target=\"_self\" rel=\"nofollow noopener\" title=\"https:\/\/entretenimento.r7.com\/famosos-e-tv\/amor-em-ruinas\/\"><b>Amor em Ru\u00ednas<\/b><\/a>, foi outro que demonstrou carinho pelo casal ao comentar alguns cora\u00e7\u00f5es.<\/p>\n<p class=\"jarvics:base-text-neutral-high-400 xovem:base-text-dark-high-400 base-text-[calc(theme(fontSize.xs)_*_var(--font-size,_1))] base-font-normal base-font-primary base-text-neutral-low-500 base-text-left\"><b>Confira:<\/b><\/p>\n<p class=\"jarvics:base-text-neutral-high-400 xovem:base-text-dark-high-400 base-text-[calc(theme(fontSize.xs)_*_var(--font-size,_1))] base-font-normal base-font-primary base-text-neutral-low-500 base-text-left\">A superprodu\u00e7\u00e3o <a href=\"https:\/\/entretenimento.r7.com\/famosos-e-tv\/ben-hur\/\" rel=\"nofollow noopener\" title=\"https:\/\/entretenimento.r7.com\/famosos-e-tv\/ben-hur\/\" target=\"_blank\"><b>Ben-Hur<\/b><\/a> \u00e9 escrita por Cristiane Cardoso e tem estreia prevista para este ano no <a href=\"https:\/\/www.univervideo.com\/\" rel=\"nofollow noopener\" title=\"https:\/\/www.univervideo.com\/\" target=\"_blank\"><b>Univer V\u00eddeo<\/b><\/a> e na tela da <a href=\"https:\/\/record.r7.com\/\" rel=\"nofollow noopener\" title=\"https:\/\/record.r7.com\/\" target=\"_blank\"><b>RECORD<\/b><\/a>.<\/p>\n","protected":false},"excerpt":{"rendered":"Mario Bregieira faz contagem regressiva para nascimento da 2\u00aa filha Reprodu\u00e7\u00e3o\/Instagram @mabregieira Mario Bregieira, respons\u00e1vel por viver Drusus&hellip;\n","protected":false},"author":2,"featured_media":432247,"comment_status":"","ping_status":"","sticky":false,"template":"","format":"standard","meta":{"footnotes":"","_share_on_mastodon":"0"},"categories":[145],"tags":[37733,69992,211,210,69770,114,115,69991,32,33,53588],"class_list":["post-432246","post","type-post","status-publish","format-standard","has-post-thumbnail","category-celebridades","tag-ben-hur","tag-brendha-haddad","tag-celebridades","tag-celebrities","tag-cristiane-cardoso","tag-entertainment","tag-entretenimento","tag-mario-bregieira","tag-portugal","tag-pt","tag-sidney-sampaio"],"share_on_mastodon":{"url":"https:\/\/pubeurope.com\/@pt\/116822217381921532","error":""},"_links":{"self":[{"href":"https:\/\/www.europesays.com\/pt\/wp-json\/wp\/v2\/posts\/432246","targetHints":{"allow":["GET"]}}],"collection":[{"href":"https:\/\/www.europesays.com\/pt\/wp-json\/wp\/v2\/posts"}],"about":[{"href":"https:\/\/www.europesays.com\/pt\/wp-json\/wp\/v2\/types\/post"}],"author":[{"embeddable":true,"href":"https:\/\/www.europesays.com\/pt\/wp-json\/wp\/v2\/users\/2"}],"replies":[{"embeddable":true,"href":"https:\/\/www.europesays.com\/pt\/wp-json\/wp\/v2\/comments?post=432246"}],"version-history":[{"count":0,"href":"https:\/\/www.europesays.com\/pt\/wp-json\/wp\/v2\/posts\/432246\/revisions"}],"wp:featuredmedia":[{"embeddable":true,"href":"https:\/\/www.europesays.com\/pt\/wp-json\/wp\/v2\/media\/432247"}],"wp:attachment":[{"href":"https:\/\/www.europesays.com\/pt\/wp-json\/wp\/v2\/media?parent=432246"}],"wp:term":[{"taxonomy":"category","embeddable":true,"href":"https:\/\/www.europesays.com\/pt\/wp-json\/wp\/v2\/categories?post=432246"},{"taxonomy":"post_tag","embeddable":true,"href":"https:\/\/www.europesays.com\/pt\/wp-json\/wp\/v2\/tags?post=432246"}],"curies":[{"name":"wp","href":"https:\/\/api.w.org\/{rel}","templated":true}]}}