{"id":43226,"date":"2025-08-24T18:28:08","date_gmt":"2025-08-24T18:28:08","guid":{"rendered":"https:\/\/www.europesays.com\/pt\/43226\/"},"modified":"2025-08-24T18:28:08","modified_gmt":"2025-08-24T18:28:08","slug":"miranda-volta-a-falar-da-mae-de-viriato-veja-a-reacao-do-concorrente-big-brother","status":"publish","type":"post","link":"https:\/\/www.europesays.com\/pt\/43226\/","title":{"rendered":"Miranda volta a falar da m\u00e3e de Viriato. Veja a rea\u00e7\u00e3o do concorrente &#8211; Big Brother"},"content":{"rendered":"<p>No Big Brother Ver\u00e3o, durante o almo\u00e7o, as picardias entre Miranda e Afonso contra Viriato voltaram a subir de tom. Em plena discuss\u00e3o, Miranda volta a mencionar a m\u00e3e de Viriato, deixando o concorrente visivelmente incomodado, por\u00e9m n\u00e3o reagiu.<\/p>\n<p>Esta semana, h\u00e1 quatro concorrentes em risco de expuls\u00e3o. Vote no seu concorrente favorito para o salvar:<\/p>\n<p>AFONSO LEIT\u00c3O \u2013 761 20 20 01<\/p>\n<p>J\u00c9SSICA VIEIRA \u2013 761 20 20 07<\/p>\n<p>KINA \u2013 761 20 20 08<\/p>\n<p>VIRIATO \u2013 761 20 20 13<\/p>\n<p><a href=\"https:\/\/tvi.iol.pt\/bigbrother\/aominuto\" wbo-id=\"33\" rel=\"nofollow noopener\" target=\"_blank\">Acompanhe aqui tudo o que se passa na casa mais vigiada do pa\u00eds!<\/a><\/p>\n","protected":false},"excerpt":{"rendered":"No Big Brother Ver\u00e3o, durante o almo\u00e7o, as picardias entre Miranda e Afonso contra Viriato voltaram a subir&hellip;\n","protected":false},"author":2,"featured_media":43227,"comment_status":"","ping_status":"","sticky":false,"template":"","format":"standard","meta":{"footnotes":""},"categories":[142],"tags":[331,48,342,329,333,328,335,336,114,115,334,332,330,13,32,33,151,162,227,2262],"class_list":{"0":"post-43226","1":"post","2":"type-post","3":"status-publish","4":"format-standard","5":"has-post-thumbnail","7":"category-tv","8":"tag-big","9":"tag-big-brother","10":"tag-catarina-miranda","11":"tag-claudio-ramos","12":"tag-comentadores","13":"tag-concorrentes","14":"tag-confrontos","15":"tag-discussoes","16":"tag-entertainment","17":"tag-entretenimento","18":"tag-exclusivos","19":"tag-expulso","20":"tag-gala","21":"tag-noticias","22":"tag-portugal","23":"tag-pt","24":"tag-tv","25":"tag-tvi","26":"tag-videos","27":"tag-viriato-quintela"},"share_on_mastodon":{"url":"","error":""},"_links":{"self":[{"href":"https:\/\/www.europesays.com\/pt\/wp-json\/wp\/v2\/posts\/43226","targetHints":{"allow":["GET"]}}],"collection":[{"href":"https:\/\/www.europesays.com\/pt\/wp-json\/wp\/v2\/posts"}],"about":[{"href":"https:\/\/www.europesays.com\/pt\/wp-json\/wp\/v2\/types\/post"}],"author":[{"embeddable":true,"href":"https:\/\/www.europesays.com\/pt\/wp-json\/wp\/v2\/users\/2"}],"replies":[{"embeddable":true,"href":"https:\/\/www.europesays.com\/pt\/wp-json\/wp\/v2\/comments?post=43226"}],"version-history":[{"count":0,"href":"https:\/\/www.europesays.com\/pt\/wp-json\/wp\/v2\/posts\/43226\/revisions"}],"wp:featuredmedia":[{"embeddable":true,"href":"https:\/\/www.europesays.com\/pt\/wp-json\/wp\/v2\/media\/43227"}],"wp:attachment":[{"href":"https:\/\/www.europesays.com\/pt\/wp-json\/wp\/v2\/media?parent=43226"}],"wp:term":[{"taxonomy":"category","embeddable":true,"href":"https:\/\/www.europesays.com\/pt\/wp-json\/wp\/v2\/categories?post=43226"},{"taxonomy":"post_tag","embeddable":true,"href":"https:\/\/www.europesays.com\/pt\/wp-json\/wp\/v2\/tags?post=43226"}],"curies":[{"name":"wp","href":"https:\/\/api.w.org\/{rel}","templated":true}]}}