{"id":43230,"date":"2025-08-24T18:32:08","date_gmt":"2025-08-24T18:32:08","guid":{"rendered":"https:\/\/www.europesays.com\/pt\/43230\/"},"modified":"2025-08-24T18:32:08","modified_gmt":"2025-08-24T18:32:08","slug":"quem-tem-mais-de-50-anos-deve-incluir-essa-fruta-na-dieta-aponta-neurologista","status":"publish","type":"post","link":"https:\/\/www.europesays.com\/pt\/43230\/","title":{"rendered":"Quem tem mais de 50 anos deve incluir essa fruta na dieta, aponta neurologista"},"content":{"rendered":"<p>Rom\u00e3 \u00e9 o tipo de fruta que, al\u00e9m de deliciosa, carrega um pacote de benef\u00edcios que merecem toda a aten\u00e7\u00e3o de quem j\u00e1 passou dos 50 anos.<\/p>\n<p><strong>Fa\u00e7a parte do grupo do Di\u00e1rio no <\/strong><a href=\"https:\/\/bit.ly\/CanalDiarioDoLitoral\" target=\"_blank\" rel=\"nofollow noopener\">WhatsApp<\/a> <strong>e<\/strong> <a href=\"https:\/\/t.me\/diariodolitoral\" target=\"_blank\" rel=\"nofollow\">Telegram<\/a><strong>.<br \/>Mantenha-se bem informado.<\/strong><\/p>\n<p>O neurologista Mill Etienne, em declara\u00e7\u00e3o publicada no site Parade, destacou que ela pode contribuir significativamente para a manuten\u00e7\u00e3o da <a href=\"https:\/\/www.diariodolitoral.com.br\/tags\/saude\/\" rel=\"nofollow noopener\" target=\"_blank\">sa\u00fade<\/a> cerebral, ajudando na mem\u00f3ria, no aprendizado e na preven\u00e7\u00e3o de certos problemas neurol\u00f3gicos.\n\t\t\t<\/p>\n<p class=\"texto-continue listagem-detalhe\">Continua depois da publicidade<\/p>\n<p>Tudo isso sem deixar de ser um alimento f\u00e1cil de incluir no dia a dia. Por tr\u00e1s do sabor levemente adocicado e da apar\u00eancia vibrante, a rom\u00e3 esconde compostos especiais, como os polifen\u00f3is, que t\u00eam a\u00e7\u00e3o antioxidante e anti-inflamat\u00f3ria.<\/p>\n<p>Esses nutrientes funcionam como um verdadeiro escudo para o c\u00e9rebro, protegendo contra desgastes naturais do envelhecimento e mantendo o funcionamento das c\u00e9lulas nervosas em alto n\u00edvel.\n\t\t\t<\/p>\n<p class=\"texto-continue listagem-detalhe\">Continua depois da publicidade<\/p>\n<p>Uma defesa saborosa para o c\u00e9rebro<\/p>\n<p>Os polifen\u00f3is presentes na rom\u00e3 agem de forma intensa para combater o estresse oxidativo, que \u00e9 um dos principais inimigos da <a href=\"https:\/\/www.diariodolitoral.com.br\/tags\/saude\/\" rel=\"nofollow noopener\" target=\"_blank\">sa\u00fade<\/a> mental com o avan\u00e7o da idade.<\/p>\n<p>Esse processo natural, quando n\u00e3o controlado, pode levar \u00e0 perda de efici\u00eancia das c\u00e9lulas cerebrais e at\u00e9 a problemas mais graves.<\/p>\n<p>Ao incluir essa fruta na rotina, criamos um refor\u00e7o di\u00e1rio para a <a href=\"https:\/\/www.diariodolitoral.com.br\/tags\/saude\/\" rel=\"nofollow noopener\" target=\"_blank\">sa\u00fade<\/a> neuronal. N\u00e3o se trata apenas de um gesto de preven\u00e7\u00e3o, mas de um cuidado constante e prazeroso, que se soma a outros h\u00e1bitos positivos.\n\t\t\t<\/p>\n<p class=\"texto-continue listagem-detalhe\">Continua depois da publicidade<\/p>\n<p>A rom\u00e3 s\u00f3 n\u00e3o \u00e9 melhor que o <a href=\"https:\/\/www.diariodolitoral.com.br\/diario-mais\/essa-fruta-foi-considerada-a-melhor-do-mundo-e-voce-pode-cultivar-no\/199612\/\" rel=\"nofollow noopener\" target=\"_blank\">mangost\u00e3o, que foi considerada a melhor do mundo al\u00e9m de poder\u00a0cultivar no quintal da sua casa<\/a>.<\/p>\n<p>Al\u00e9m de proteger o c\u00e9rebro, a fruta ainda tem rela\u00e7\u00e3o com diversas outras doen\u00e7as, como conta a farmac\u00eautica Angela Xavier em seu canal:<\/p>\n<p>Apoio na mem\u00f3ria e no aprendizado<\/p>\n<p>Um dos pontos mais interessantes do consumo de rom\u00e3 \u00e9 sua capacidade de estimular tanto a mem\u00f3ria quanto a capacidade de aprender coisas novas. \u00c9 como oferecer ao c\u00e9rebro um \u201cempurr\u00e3ozinho\u201d para continuar receptivo a novos conhecimentos e experi\u00eancias.\n\t\t\t<\/p>\n<p class=\"texto-continue listagem-detalhe\">Continua depois da publicidade<\/p>\n<p>Essa ajuda \u00e9 especialmente importante em idades mais avan\u00e7adas, quando manter a mente ativa pode significar mais autonomia, mais conex\u00f5es sociais e uma vida mais rica em intera\u00e7\u00f5es.<\/p>\n<p>Aliada contra problemas degenerativos<\/p>\n<p>A rom\u00e3 tamb\u00e9m pode ajudar a impedir o ac\u00famulo de subst\u00e2ncias prejudiciais no c\u00e9rebro, como certas prote\u00ednas associadas a doen\u00e7as neurodegenerativas. Essa a\u00e7\u00e3o preventiva \u00e9 fundamental para quem deseja envelhecer preservando ao m\u00e1ximo suas fun\u00e7\u00f5es cognitivas.<\/p>\n<p>Mais do que evitar doen\u00e7as, \u00e9 uma forma de cuidar de si com carinho, criando condi\u00e7\u00f5es para viver plenamente cada fase da vida.\n\t\t\t<\/p>\n<p class=\"texto-continue listagem-detalhe\">Continua depois da publicidade<\/p>\n<p>Formas simples de aproveitar<\/p>\n<p>N\u00e3o \u00e9 preciso muito esfor\u00e7o para inserir a rom\u00e3 nas refei\u00e7\u00f5es. Ela combina perfeitamente com saladas, sobremesas, cereais e at\u00e9 pratos salgados, al\u00e9m de poder ser consumida pura, com colher, direto da casca.<\/p>\n<p>Se a escolha for pelo suco ou extrato, opte sempre pelas vers\u00f5es naturais, sem a\u00e7\u00facares adicionados. E para quem faz uso de medicamentos cont\u00ednuos, o ideal \u00e9 confirmar com o m\u00e9dico se o consumo frequente \u00e9 adequado.<\/p>\n<p>Outra dica para manter a <a href=\"https:\/\/www.diariodolitoral.com.br\/diario-mais\/conheca-a-fruta-de-ouro-que-tem-mais-vitamina-c-do-que-a-laranja\/199620\/\" rel=\"nofollow noopener\" target=\"_blank\">sa\u00fade em dia \u00e9 a &#8216;Fruta de Ouro&#8217;, que tem mais vitamina C do que a laranja<\/a>.\n\t\t\t<\/p>\n<p class=\"texto-continue listagem-detalhe\">Continua depois da publicidade<\/p>\n","protected":false},"excerpt":{"rendered":"Rom\u00e3 \u00e9 o tipo de fruta que, al\u00e9m de deliciosa, carrega um pacote de benef\u00edcios que merecem toda&hellip;\n","protected":false},"author":2,"featured_media":43231,"comment_status":"","ping_status":"","sticky":false,"template":"","format":"standard","meta":{"footnotes":""},"categories":[86],"tags":[2369,547,10710,116,32,33,117],"class_list":{"0":"post-43230","1":"post","2":"type-post","3":"status-publish","4":"format-standard","5":"has-post-thumbnail","7":"category-saude","8":"tag-alimentacao","9":"tag-alimentacao-saudavel","10":"tag-diario-mais","11":"tag-health","12":"tag-portugal","13":"tag-pt","14":"tag-saude"},"share_on_mastodon":{"url":"","error":""},"_links":{"self":[{"href":"https:\/\/www.europesays.com\/pt\/wp-json\/wp\/v2\/posts\/43230","targetHints":{"allow":["GET"]}}],"collection":[{"href":"https:\/\/www.europesays.com\/pt\/wp-json\/wp\/v2\/posts"}],"about":[{"href":"https:\/\/www.europesays.com\/pt\/wp-json\/wp\/v2\/types\/post"}],"author":[{"embeddable":true,"href":"https:\/\/www.europesays.com\/pt\/wp-json\/wp\/v2\/users\/2"}],"replies":[{"embeddable":true,"href":"https:\/\/www.europesays.com\/pt\/wp-json\/wp\/v2\/comments?post=43230"}],"version-history":[{"count":0,"href":"https:\/\/www.europesays.com\/pt\/wp-json\/wp\/v2\/posts\/43230\/revisions"}],"wp:featuredmedia":[{"embeddable":true,"href":"https:\/\/www.europesays.com\/pt\/wp-json\/wp\/v2\/media\/43231"}],"wp:attachment":[{"href":"https:\/\/www.europesays.com\/pt\/wp-json\/wp\/v2\/media?parent=43230"}],"wp:term":[{"taxonomy":"category","embeddable":true,"href":"https:\/\/www.europesays.com\/pt\/wp-json\/wp\/v2\/categories?post=43230"},{"taxonomy":"post_tag","embeddable":true,"href":"https:\/\/www.europesays.com\/pt\/wp-json\/wp\/v2\/tags?post=43230"}],"curies":[{"name":"wp","href":"https:\/\/api.w.org\/{rel}","templated":true}]}}