{"id":43250,"date":"2025-08-24T18:47:19","date_gmt":"2025-08-24T18:47:19","guid":{"rendered":"https:\/\/www.europesays.com\/pt\/43250\/"},"modified":"2025-08-24T18:47:19","modified_gmt":"2025-08-24T18:47:19","slug":"tragedia-bate-a-porta-de-sandra-felgueiras","status":"publish","type":"post","link":"https:\/\/www.europesays.com\/pt\/43250\/","title":{"rendered":"Trag\u00e9dia &#8220;bate \u00e0 porta&#8221; de Sandra Felgueiras!"},"content":{"rendered":"<p>O flagelo dos inc\u00eandios est\u00e1 a devastar Portugal e, no Instagram, algumas figuras p\u00fablicas n\u00e3o se mostram indiferentes.<\/p>\n<p>Foi o caso de <a href=\"https:\/\/selfie.iol.pt\/famosos\/sandra-felgueiras\/sandra-felgueiras-indignada-pensei-que-seria-impossivel-viver-de-novo-esta-dor-de-perda\/20250818\/68a3145fd34ef72ee4498a18\" target=\"_blank\" rel=\"nofollow noopener\">Sandra Felgueiras<\/a>, que deixou um desabafo sobre esta trag\u00e9dia. &#8220;Venho deste interior a 50 quil\u00f3metros do litoral norte onde o feno crescia tanto que se tornava maior do que eu, mas onde havia e ainda h\u00e1 muitas gentes para cuidar da terra. Essa tem sido a nossa sorte! Mas tamb\u00e9m o talento de quem soube fixar empregos&#8221;, come\u00e7ou por escrever na legenda de um &#8220;tesourinho&#8221; de inf\u00e2ncia.<\/p>\n<p>&#8220;Cresci feliz e guardo as melhores mem\u00f3rias das corridas por entre malmequeres e flores selvagens e pelas intermin\u00e1veis borboletas que s\u00f3 mais tarde descobri serem os cisnes ap\u00f3s terem sido lagartas. Vivi entre sonhos e descobertas, daqueles que ningu\u00e9m rouba ao cora\u00e7\u00e3o puro de uma crian\u00e7a. Esse sonho nunca se desmoronou. Nunca me retirou os p\u00e9s desta terra, muito menos o afeto por quem me deu amor e fez de mim quem sou&#8221;, garantiu ainda.<\/p>\n<p>De seguida, Sandra Felgueiras assinalou: &#8220;Sou uma, entre milhares, que abandonou a terra, mas se tiver de voltar para a defender, voltarei. E \u00e9 esse o meu apelo aos tantos que t\u00eam terra e a v\u00eaem arder. N\u00e3o h\u00e1 comandos, nem bombeiros, que ven\u00e7am a f\u00faria de tornados de fogo. Somos todos precisos. Todos!&#8221;<\/p>\n<p>Al\u00e9m disso, numa story, a jornalista reconheceu: &#8220;A not\u00edcia somos todos n\u00f3s. A trag\u00e9dia bateu-nos \u00e0 porta e temos de a relatar na mesma. Um abra\u00e7o a todos os meus amigos, que perderam tanto, que perderam tudo!&#8221;<\/p>\n<p>Veja, agora, a imagem partilhada por Sandra Felgueiras na galeria de fotografias que prepar\u00e1mos para si.<\/p>\n<p><img decoding=\"async\" alt=\"\" onclick=\"\" src=\"https:\/\/www.europesays.com\/pt\/wp-content\/uploads\/2025\/08\/1756061239_474_1024.jpeg\" title=\"Sandra Felgueiras\"\/><\/p>\n","protected":false},"excerpt":{"rendered":"O flagelo dos inc\u00eandios est\u00e1 a devastar Portugal e, no Instagram, algumas figuras p\u00fablicas n\u00e3o se mostram indiferentes.&hellip;\n","protected":false},"author":2,"featured_media":43251,"comment_status":"","ping_status":"","sticky":false,"template":"","format":"standard","meta":{"footnotes":""},"categories":[85],"tags":[114,115,980,2830,1856,1428,2718,619,32,33,2524,1012,162],"class_list":{"0":"post-43250","1":"post","2":"type-post","3":"status-publish","4":"format-standard","5":"has-post-thumbnail","7":"category-entretenimento","8":"tag-entertainment","9":"tag-entretenimento","10":"tag-famosos","11":"tag-incendios","12":"tag-informacao","13":"tag-jornalismo","14":"tag-jornalista","15":"tag-nacional","16":"tag-portugal","17":"tag-pt","18":"tag-sandra-felgueiras","19":"tag-selfie","20":"tag-tvi"},"share_on_mastodon":{"url":"","error":""},"_links":{"self":[{"href":"https:\/\/www.europesays.com\/pt\/wp-json\/wp\/v2\/posts\/43250","targetHints":{"allow":["GET"]}}],"collection":[{"href":"https:\/\/www.europesays.com\/pt\/wp-json\/wp\/v2\/posts"}],"about":[{"href":"https:\/\/www.europesays.com\/pt\/wp-json\/wp\/v2\/types\/post"}],"author":[{"embeddable":true,"href":"https:\/\/www.europesays.com\/pt\/wp-json\/wp\/v2\/users\/2"}],"replies":[{"embeddable":true,"href":"https:\/\/www.europesays.com\/pt\/wp-json\/wp\/v2\/comments?post=43250"}],"version-history":[{"count":0,"href":"https:\/\/www.europesays.com\/pt\/wp-json\/wp\/v2\/posts\/43250\/revisions"}],"wp:featuredmedia":[{"embeddable":true,"href":"https:\/\/www.europesays.com\/pt\/wp-json\/wp\/v2\/media\/43251"}],"wp:attachment":[{"href":"https:\/\/www.europesays.com\/pt\/wp-json\/wp\/v2\/media?parent=43250"}],"wp:term":[{"taxonomy":"category","embeddable":true,"href":"https:\/\/www.europesays.com\/pt\/wp-json\/wp\/v2\/categories?post=43250"},{"taxonomy":"post_tag","embeddable":true,"href":"https:\/\/www.europesays.com\/pt\/wp-json\/wp\/v2\/tags?post=43250"}],"curies":[{"name":"wp","href":"https:\/\/api.w.org\/{rel}","templated":true}]}}