{"id":43260,"date":"2025-08-24T18:52:18","date_gmt":"2025-08-24T18:52:18","guid":{"rendered":"https:\/\/www.europesays.com\/pt\/43260\/"},"modified":"2025-08-24T18:52:18","modified_gmt":"2025-08-24T18:52:18","slug":"morreu-o-ator-luis-lucas","status":"publish","type":"post","link":"https:\/\/www.europesays.com\/pt\/43260\/","title":{"rendered":"Morreu o ator Lu\u00eds Lucas"},"content":{"rendered":"<p>\t                Tinha 73 anos<\/p>\n<p>Morreu o ator Lu\u00eds Lucas, aos 73 anos.<\/p>\n<p>A informa\u00e7\u00e3o \u00e9 avan\u00e7ada pela Academia Portuguesa de Cinema, que lamenta a morte do ator. &#8220;Deixa um legado inestim\u00e1vel para o teatro, o cinema e a televis\u00e3o em Portugal&#8221;, refere a academia, numa publica\u00e7\u00e3o no Facebook.<\/p>\n<p>O ator participou em &#8220;algumas das obras mais marcantes do cinema portugu\u00eas&#8221;, recorda a academia, destacando longas-metragens como\u00a0Alexandre e Rosa (1978), Passagem ou Meio Caminho (1980), Dina e Django (1981), Rita (1981), Ningu\u00e9m Duas Vezes (1984), Le Soulier de Satin (1985), Um Adeus Portugu\u00eas (1985), O Bobo (1987), Tempos Dif\u00edceis (1988), Non ou a V\u00e3 Gl\u00f3ria de Mandar (1990), A Idade Maior (1991), Aqui na Terra (1993), Longe da Vista (1998), Camarate (2001), A Passagem da Noite (2002),\u00a0Dot.com\u00a0(2007), Sombras Brancas (2023) ou O Vento Assobiando nas Gruas (2023).\u00a0<\/p>\n<p>Tamb\u00e9m integrou o elenco de v\u00e1rias s\u00e9ries e novelas, como Duarte &amp; Companhia nos anos 80,\u00a0M\u00e9dico de Fam\u00edlia, Perfeito Cora\u00e7\u00e3o, Equador, entre outros. Foi ainda a voz narradora da s\u00e9rie da RTP Conta-me Como Foi.<\/p>\n<p>O ator Diogo Infante reagiu \u00e0 not\u00edcia nas redes sociais. &#8220;Querido Lu\u00eds Lucas, sa\u00edste de cena precocemente. Vamos ter que adiar a nossa colabora\u00e7\u00e3o teatral&#8221;, escreveu.<\/p>\n<blockquote class=\"instagram-media\" data-instgrm-captioned=\"\" data-instgrm-permalink=\"https:\/\/www.instagram.com\/p\/DNu4rTAUGmv\/?utm_source=ig_embed&amp;utm_campaign=loading\" data-instgrm-version=\"14\" style=\" background:#FFF; border:0; border-radius:3px; box-shadow:0 0 1px 0 rgba(0,0,0,0.5),0 1px 10px 0 rgba(0,0,0,0.15); margin: 1px; max-width:540px; min-width:326px; padding:0; width:99.375%; width:-webkit-calc(100% - 2px); width:calc(100% - 2px);\">\n<\/blockquote>\n<p>\t            <script async src=\"\/\/www.instagram.com\/embed.js\"><\/script><\/p>\n","protected":false},"excerpt":{"rendered":"Tinha 73 anos Morreu o ator Lu\u00eds Lucas, aos 73 anos. A informa\u00e7\u00e3o \u00e9 avan\u00e7ada pela Academia Portuguesa&hellip;\n","protected":false},"author":2,"featured_media":43261,"comment_status":"","ping_status":"","sticky":false,"template":"","format":"standard","meta":{"footnotes":""},"categories":[8],"tags":[609,611,1753,27,28,470,607,608,315,3144,610,870,15,16,14,25,26,570,170,13236,21,22,150,12,13,19,20,32,23,24,33,941,2387,17,18,29,30,31],"class_list":{"0":"post-43260","1":"post","2":"type-post","3":"status-publish","4":"format-standard","5":"has-post-thumbnail","7":"category-principais-noticias","8":"tag-alerta","9":"tag-ao-minuto","10":"tag-artes","11":"tag-breaking-news","12":"tag-breakingnews","13":"tag-cinema","14":"tag-cnn","15":"tag-cnn-portugal","16":"tag-cultura","17":"tag-danca","18":"tag-direto","19":"tag-eventos","20":"tag-featured-news","21":"tag-featurednews","22":"tag-headlines","23":"tag-latest-news","24":"tag-latestnews","25":"tag-live","26":"tag-livros","27":"tag-luis-lucas","28":"tag-main-news","29":"tag-mainnews","30":"tag-musica","31":"tag-news","32":"tag-noticias","33":"tag-noticias-principais","34":"tag-noticiasprincipais","35":"tag-portugal","36":"tag-principais-noticias","37":"tag-principaisnoticias","38":"tag-pt","39":"tag-series","40":"tag-teatro","41":"tag-top-stories","42":"tag-topstories","43":"tag-ultimas","44":"tag-ultimas-noticias","45":"tag-ultimasnoticias"},"share_on_mastodon":{"url":"","error":""},"_links":{"self":[{"href":"https:\/\/www.europesays.com\/pt\/wp-json\/wp\/v2\/posts\/43260","targetHints":{"allow":["GET"]}}],"collection":[{"href":"https:\/\/www.europesays.com\/pt\/wp-json\/wp\/v2\/posts"}],"about":[{"href":"https:\/\/www.europesays.com\/pt\/wp-json\/wp\/v2\/types\/post"}],"author":[{"embeddable":true,"href":"https:\/\/www.europesays.com\/pt\/wp-json\/wp\/v2\/users\/2"}],"replies":[{"embeddable":true,"href":"https:\/\/www.europesays.com\/pt\/wp-json\/wp\/v2\/comments?post=43260"}],"version-history":[{"count":0,"href":"https:\/\/www.europesays.com\/pt\/wp-json\/wp\/v2\/posts\/43260\/revisions"}],"wp:featuredmedia":[{"embeddable":true,"href":"https:\/\/www.europesays.com\/pt\/wp-json\/wp\/v2\/media\/43261"}],"wp:attachment":[{"href":"https:\/\/www.europesays.com\/pt\/wp-json\/wp\/v2\/media?parent=43260"}],"wp:term":[{"taxonomy":"category","embeddable":true,"href":"https:\/\/www.europesays.com\/pt\/wp-json\/wp\/v2\/categories?post=43260"},{"taxonomy":"post_tag","embeddable":true,"href":"https:\/\/www.europesays.com\/pt\/wp-json\/wp\/v2\/tags?post=43260"}],"curies":[{"name":"wp","href":"https:\/\/api.w.org\/{rel}","templated":true}]}}