{"id":432711,"date":"2026-06-27T23:00:24","date_gmt":"2026-06-27T23:00:24","guid":{"rendered":"https:\/\/www.europesays.com\/pt\/432711\/"},"modified":"2026-06-27T23:00:24","modified_gmt":"2026-06-27T23:00:24","slug":"canal-conta-la-manda-trabalhadores-para-lay-off-eco","status":"publish","type":"post","link":"https:\/\/www.europesays.com\/pt\/432711\/","title":{"rendered":"Canal Conta L\u00e1 manda trabalhadores para \u2018lay-off\u2019 \u2013 ECO"},"content":{"rendered":"<p>O canal de televis\u00e3o Conta L\u00e1, que transmite no cabo desde 2025, vai recorrer \u00e0 suspens\u00e3o tempor\u00e1ria dos contratos de trabalho ou redu\u00e7\u00e3o de hor\u00e1rio (\u2018lay-off\u2019), numa restrutura\u00e7\u00e3o para reduzir custos, em contexto de sal\u00e1rios em atraso.<\/p>\n<p>\n\t\t\tEscolha o ECO como fonte preferida no Google\n\t\t<\/p>\n<p>\t<a class=\"preferred-source__button\" href=\"https:\/\/google.com\/preferences\/source?q=https%3A%2F%2Feco.sapo.pt%2F\" target=\"_blank\" rel=\"noopener noreferrer nofollow\"><br \/>\n\t\tEscolher<br \/>\n\t\t\u203a<br \/>\n\t<\/a><\/p>\n<p>Esta informa\u00e7\u00e3o foi transmitida aos trabalhadores pelo presidente executivo, S\u00e9rgio Figueiredo, num email enviado na sexta-feira, a que a Lusa teve hoje acesso. \u201c<strong>Em setembro, com o dia 15 como refer\u00eancia, o projeto entra numa nova fase, conseguindo meios que nunca teve para acelerar investimentos e cumprir o Conta L\u00e1 tal qual ele foi pensado. [\u2026] A quest\u00e3o \u00e9 \u2018como sobreviver at\u00e9 l\u00e1\u2019? O que tem de ser feito para que o colapso n\u00e3o seja dr\u00e1stico e definitivo<\/strong>\u201c, refere a missiva.<\/p>\n<p>&#13;<br \/>\n\t\t\t\t&#13;<br \/>\n\t\t\t\t\t<a href=\"https:\/\/eco.sapo.pt\/2025\/09\/03\/erc-autoriza-canais-conta-la-do-projeto-de-sergio-figueiredo-que-ira-criar-205-empregos\/\" rel=\"nofollow noopener\" target=\"_blank\">&#13;<\/p>\n<p class=\"info-card__intro\">ERC autoriza canais Conta L\u00e1 do projeto de S\u00e9rgio Figueiredo<\/p>\n<p>\t\t\t\t\t\t&#13;<br \/>\n\t\t\t\t\t<\/a>&#13;<br \/>\n\t\t\t\t&#13;<br \/>\n\t\t\t&#13;<br \/>\n&#13;<\/p>\n<p>A comiss\u00e3o executiva adiantou que a solu\u00e7\u00e3o que pretende implementar \u201cimediatamente\u201d \u00e9 um processo de \u2018lay-off\u2019, por entender que \u201cprotege mais as pessoas e a empresa\u201d, evita a \u201cbomba at\u00f3mica\u201d do despedimento coletivo, mant\u00e9m os trabalhadores vinculados e \u00e9 revers\u00edvel a qualquer momento. \u201c<strong>Reduzir a escala de custos \u00e9 vital. Temos de voltar a ser menos, para voltarmos a ser mais<\/strong>\u201c, salientou.<\/p>\n<p>O tamb\u00e9m ex-diretor de informa\u00e7\u00e3o da TVI apontou que o atraso no pagamento dos sal\u00e1rios de maio se deve \u00e0 falta de \u201c<strong>fundos suficientes para pagar a todos<\/strong>\u201c, tendo sido poss\u00edvel regularizar a situa\u00e7\u00e3o a cerca de 40 trabalhadores, \u201c<strong>mas a maioria continua sem receber o que lhe \u00e9 devido<\/strong>\u201c.<\/p>\n<p>\u201c<strong>Como n\u00e3o se comete segunda vez o mesmo erro (e apesar de novamente nos terem assegurado o pagamento at\u00e9 dia 7 de uma verba que permite liquidar todos os vencimentos e presta\u00e7\u00f5es de servi\u00e7o do m\u00eas de maio), a \u00fanica data poss\u00edvel de ser mencionada para o acerto das nossas contas \u00e9 31 de julho<\/strong>\u201c, adiantou S\u00e9rgio Figueiredo, garantindo que a administra\u00e7\u00e3o continua a \u201cfazer de tudo para antecipar\u201d essa data.<\/p>\n<p>A empresa assegurou que vai cooperar com os trabalhadores que, em caso extremo de dificuldades financeiras, se queiram desvincular rapidamente para procurar uma alternativa de trabalho que garanta fonte de rendimento imediato e adiantou que nas pr\u00f3ximas 12 semanas, \u00e9 \u201ccr\u00edtico\u201d encontrar uma grelha de programas que, \u201cde forma inteligente e a baixo custo, crie a sensa\u00e7\u00e3o de que h\u00e1 sempre algo de novo a cada dia\u201d.<\/p>\n<p>\u201c<strong>Tenho a no\u00e7\u00e3o de que uma empresa que n\u00e3o est\u00e1 a conseguir pagar \u00e0s suas pessoas n\u00e3o pode exigir-lhes que trabalhem normalmente, sobretudo quando n\u00e3o existe uma certeza absoluta relativamente \u00e0 data em que o primeiro pagamento acontecer\u00e1. O que vos estou a dizer \u00e9 que est\u00e3o isentos de cumprir as obriga\u00e7\u00f5es que o contrato de trabalho vos vincula, a partir de segunda-feira<\/strong>\u201c, esclareceu o presidente executivo.<\/p>\n<p>O \u2018lay-off\u2019 consiste na redu\u00e7\u00e3o tempor\u00e1ria do hor\u00e1rio de trabalho ou na suspens\u00e3o dos contratos por iniciativa da empresa, em que o Estado assegura, atrav\u00e9s da Seguran\u00e7a Social, entre 60% e 70%) da remunera\u00e7\u00e3o dos trabalhadores afetados.<\/p>\n<p>O Conta L\u00e1 \u00e9 um canal de televis\u00e3o por cabo, com uma programa\u00e7\u00e3o direcionada para as regi\u00f5es e jornalismo de proximidade.<\/p>\n<p>A Lusa tentou contactar S\u00e9rgio Figueiredo, mas ainda n\u00e3o foi poss\u00edvel at\u00e9 ao momento. \u00c0 data de autoriza\u00e7\u00e3o do canal, no \u00faltimo trimestre do ano passado, a ERC revelava os detalhes do projeto. \u201c<strong>\u00c0 data de implementa\u00e7\u00e3o, o \u2018projeto prev\u00ea a cria\u00e7\u00e3o de 205 postos de trabalho, sendo 133 afetos \u00e0 \u00e1rea de informa\u00e7\u00e3o, 28 na \u00e1rea de programas e produtora e os restantes 44 em \u00e1reas de apoio t\u00e9cnico, gest\u00e3o, RH, financeiro, comercial e jur\u00eddico, distribu\u00eddos de forma estrat\u00e9gica por \u00e1reas profissionais e localiza\u00e7\u00f5es geogr\u00e1ficas [de norte a sul do pa\u00eds, incluindo ilhas, com v\u00e1rios polos regionais], assegurando, assim, uma cobertura operacional eficiente e descentralizada<\/strong>\u2018\u201d, l\u00ea-se no documento.<\/p>\n","protected":false},"excerpt":{"rendered":"O canal de televis\u00e3o Conta L\u00e1, que transmite no cabo desde 2025, vai recorrer \u00e0 suspens\u00e3o tempor\u00e1ria dos&hellip;\n","protected":false},"author":2,"featured_media":432712,"comment_status":"","ping_status":"","sticky":false,"template":"","format":"standard","meta":{"footnotes":"","_share_on_mastodon":"0"},"categories":[8],"tags":[1484,27,28,90,15,16,14,25,26,21,22,715,1229,12,13,19,20,32,23,24,33,17,18,29,30,31],"class_list":["post-432711","post","type-post","status-publish","format-standard","has-post-thumbnail","category-principais-noticias","tag-m","tag-breaking-news","tag-breakingnews","tag-empresas","tag-featured-news","tag-featurednews","tag-headlines","tag-latest-news","tag-latestnews","tag-main-news","tag-mainnews","tag-media","tag-negocios-m","tag-news","tag-noticias","tag-noticias-principais","tag-noticiasprincipais","tag-portugal","tag-principais-noticias","tag-principaisnoticias","tag-pt","tag-top-stories","tag-topstories","tag-ultimas","tag-ultimas-noticias","tag-ultimasnoticias"],"share_on_mastodon":{"url":"https:\/\/pubeurope.com\/@pt\/116824560774491213","error":""},"_links":{"self":[{"href":"https:\/\/www.europesays.com\/pt\/wp-json\/wp\/v2\/posts\/432711","targetHints":{"allow":["GET"]}}],"collection":[{"href":"https:\/\/www.europesays.com\/pt\/wp-json\/wp\/v2\/posts"}],"about":[{"href":"https:\/\/www.europesays.com\/pt\/wp-json\/wp\/v2\/types\/post"}],"author":[{"embeddable":true,"href":"https:\/\/www.europesays.com\/pt\/wp-json\/wp\/v2\/users\/2"}],"replies":[{"embeddable":true,"href":"https:\/\/www.europesays.com\/pt\/wp-json\/wp\/v2\/comments?post=432711"}],"version-history":[{"count":0,"href":"https:\/\/www.europesays.com\/pt\/wp-json\/wp\/v2\/posts\/432711\/revisions"}],"wp:featuredmedia":[{"embeddable":true,"href":"https:\/\/www.europesays.com\/pt\/wp-json\/wp\/v2\/media\/432712"}],"wp:attachment":[{"href":"https:\/\/www.europesays.com\/pt\/wp-json\/wp\/v2\/media?parent=432711"}],"wp:term":[{"taxonomy":"category","embeddable":true,"href":"https:\/\/www.europesays.com\/pt\/wp-json\/wp\/v2\/categories?post=432711"},{"taxonomy":"post_tag","embeddable":true,"href":"https:\/\/www.europesays.com\/pt\/wp-json\/wp\/v2\/tags?post=432711"}],"curies":[{"name":"wp","href":"https:\/\/api.w.org\/{rel}","templated":true}]}}