{"id":43292,"date":"2025-08-24T19:18:11","date_gmt":"2025-08-24T19:18:11","guid":{"rendered":"https:\/\/www.europesays.com\/pt\/43292\/"},"modified":"2025-08-24T19:18:11","modified_gmt":"2025-08-24T19:18:11","slug":"tripulacao-denuncia-que-sao-estes-os-comportamentos-mais-irritantes-de-passageiros-em-voos-deixa-nos-loucos","status":"publish","type":"post","link":"https:\/\/www.europesays.com\/pt\/43292\/","title":{"rendered":"Tripula\u00e7\u00e3o denuncia que s\u00e3o estes os comportamentos mais irritantes de passageiros em voos: &#8220;Deixa-nos loucos&#8221;"},"content":{"rendered":"<p>  <a href=\"https:\/\/www.euromaster.pt\/\" target=\"_blank\" rel=\"noopener noreferrer nofollow\">&#13;<br \/>\n    <img decoding=\"async\" src=\"https:\/\/www.europesays.com\/pt\/wp-content\/uploads\/2025\/08\/1756038553_40_Automonitor_900x150-1.jpg\" alt=\"Euromaster\" style=\"max-width: 900px; width: 100%; height: auto; display: block; margin: 0 auto;\"\/>&#13;<br \/>\n  <\/a><\/p>\n<p>Um gesto aparentemente simples est\u00e1 a tornar-se uma das maiores fontes de irrita\u00e7\u00e3o para assistentes de bordo em voos comerciais: passageiros que se esquecem de trancar a porta da casa de banho.<\/p>\n<p>De acordo com testemunhos recolhidos pelo jornal brit\u00e2nico Mirror, v\u00e1rios tripulantes \u2014 que preferiram manter o anonimato \u2014 explicam que esta situa\u00e7\u00e3o ocorre com frequ\u00eancia, tanto quando os passageiros est\u00e3o dentro da casa de banho como depois de a utilizarem.<\/p>\n<p>\u201cOs passageiros nem sempre percebem o impacto das suas a\u00e7\u00f5es num espa\u00e7o t\u00e3o confinado. Um comportamento que vemos muitas vezes \u2013 e que nos deixa loucos \u2013 \u00e9 deixar a porta da casa de banho destrancada enquanto est\u00e1 a ser usada\u201d, relatou um membro s\u00e9nior da tripula\u00e7\u00e3o ao Mirror.<\/p>\n<p>O problema pode parecer menor, mas gera confus\u00e3o, filas desnecess\u00e1rias e situa\u00e7\u00f5es embara\u00e7osas. Quando a porta n\u00e3o \u00e9 devidamente trancada, o sinal de \u201cocupado\u201d pode n\u00e3o acionar corretamente, levando outros passageiros a acreditar que o espa\u00e7o est\u00e1 livre. O resultado s\u00e3o batidas constantes \u00e0 porta ou mesmo tentativas de entrada que exp\u00f5em quem est\u00e1 l\u00e1 dentro a momentos constrangedores.<\/p>\n<p>Al\u00e9m da quest\u00e3o da privacidade, a tripula\u00e7\u00e3o sublinha que a gest\u00e3o do uso das casas de banho \u00e9 essencial por raz\u00f5es de seguran\u00e7a e higiene. Se a porta ficar entreaberta ou destrancada, torna-se dif\u00edcil saber se o espa\u00e7o j\u00e1 foi limpo ou se est\u00e1 dispon\u00edvel, informa\u00e7\u00e3o crucial em situa\u00e7\u00f5es de emerg\u00eancia.<\/p>\n<p>\u201c\u00c9 embara\u00e7oso para todos os envolvidos e faz-nos perder tempo precioso, sobretudo quando h\u00e1 filas em per\u00edodos de maior movimento\u201d, acrescentou a mesma fonte.<\/p>\n<p><strong>Outros comportamentos que irritam a tripula\u00e7\u00e3o<\/strong><\/p>\n<p>O alerta foi tamb\u00e9m refor\u00e7ado por especialistas em viagens da empresa Alpine Elements, que destacaram outros h\u00e1bitos que prejudicam o servi\u00e7o a bordo e incomodam assistentes de voo. Entre eles est\u00e3o:<\/p>\n<ul>\n<li>Uso excessivo de \u00e1gua: os avi\u00f5es t\u00eam reservas limitadas e deixar as torneiras abertas por muito tempo pode afetar o abastecimento.<\/li>\n<li>Deitar objetos impr\u00f3prios na sanita: toalhitas, len\u00e7os de papel ou produtos de higiene devem ser colocados no caixote do lixo, e n\u00e3o descarregados na sanita, sob pena de entupimentos.<\/li>\n<li>Utiliza\u00e7\u00e3o prolongada da casa de banho para fins n\u00e3o essenciais: especialmente durante per\u00edodos de maior procura, permanecer demasiado tempo dentro do espa\u00e7o causa filas e transtornos.<\/li>\n<li>A recomenda\u00e7\u00e3o \u00e9 simples: trancar sempre a porta, evitar usar a casa de banho em momentos cr\u00edticos do voo, limitar o consumo de \u00e1gua a uma lavagem r\u00e1pida e descartar res\u00edduos no s\u00edtio certo.<\/li>\n<\/ul>\n<p>Enquanto os passageiros enfrentam filas e constrangimentos nas casas de banho, tamb\u00e9m os tripulantes t\u00eam direito a momentos de descanso. A assistente de bordo Charlie Silver, da companhia TUI, partilhou recentemente no TikTok um v\u00eddeo onde mostra os dormit\u00f3rios escondidos para a tripula\u00e7\u00e3o em voos de longo curso.<\/p>\n<p>No v\u00eddeo, intitulado \u201cSleeping at 40,000ft in the sky\u201d (\u201cA dormir a 40 mil p\u00e9s de altitude\u201d), a tripulante brit\u00e2nica revelou que os assistentes t\u00eam acesso a pequenas camas em compartimentos discretamente localizados acima da cabine principal. A publica\u00e7\u00e3o rapidamente gerou curiosidade e elogios de milhares de utilizadores nas redes sociais, impressionados com o espa\u00e7o reservado para o descanso da equipa durante as longas jornadas a\u00e9reas.<\/p>\n","protected":false},"excerpt":{"rendered":"&#13; &#13; Um gesto aparentemente simples est\u00e1 a tornar-se uma das maiores fontes de irrita\u00e7\u00e3o para assistentes de&hellip;\n","protected":false},"author":2,"featured_media":43293,"comment_status":"","ping_status":"","sticky":false,"template":"","format":"standard","meta":{"footnotes":""},"categories":[50],"tags":[27,28,15,16,14,25,26,21,22,62,12,13,19,20,23,24,17,18,29,30,31,63,64,65],"class_list":{"0":"post-43292","1":"post","2":"type-post","3":"status-publish","4":"format-standard","5":"has-post-thumbnail","7":"category-mundo","8":"tag-breaking-news","9":"tag-breakingnews","10":"tag-featured-news","11":"tag-featurednews","12":"tag-headlines","13":"tag-latest-news","14":"tag-latestnews","15":"tag-main-news","16":"tag-mainnews","17":"tag-mundo","18":"tag-news","19":"tag-noticias","20":"tag-noticias-principais","21":"tag-noticiasprincipais","22":"tag-principais-noticias","23":"tag-principaisnoticias","24":"tag-top-stories","25":"tag-topstories","26":"tag-ultimas","27":"tag-ultimas-noticias","28":"tag-ultimasnoticias","29":"tag-world","30":"tag-world-news","31":"tag-worldnews"},"share_on_mastodon":{"url":"","error":""},"_links":{"self":[{"href":"https:\/\/www.europesays.com\/pt\/wp-json\/wp\/v2\/posts\/43292","targetHints":{"allow":["GET"]}}],"collection":[{"href":"https:\/\/www.europesays.com\/pt\/wp-json\/wp\/v2\/posts"}],"about":[{"href":"https:\/\/www.europesays.com\/pt\/wp-json\/wp\/v2\/types\/post"}],"author":[{"embeddable":true,"href":"https:\/\/www.europesays.com\/pt\/wp-json\/wp\/v2\/users\/2"}],"replies":[{"embeddable":true,"href":"https:\/\/www.europesays.com\/pt\/wp-json\/wp\/v2\/comments?post=43292"}],"version-history":[{"count":0,"href":"https:\/\/www.europesays.com\/pt\/wp-json\/wp\/v2\/posts\/43292\/revisions"}],"wp:featuredmedia":[{"embeddable":true,"href":"https:\/\/www.europesays.com\/pt\/wp-json\/wp\/v2\/media\/43293"}],"wp:attachment":[{"href":"https:\/\/www.europesays.com\/pt\/wp-json\/wp\/v2\/media?parent=43292"}],"wp:term":[{"taxonomy":"category","embeddable":true,"href":"https:\/\/www.europesays.com\/pt\/wp-json\/wp\/v2\/categories?post=43292"},{"taxonomy":"post_tag","embeddable":true,"href":"https:\/\/www.europesays.com\/pt\/wp-json\/wp\/v2\/tags?post=43292"}],"curies":[{"name":"wp","href":"https:\/\/api.w.org\/{rel}","templated":true}]}}