{"id":432984,"date":"2026-06-28T09:28:19","date_gmt":"2026-06-28T09:28:19","guid":{"rendered":"https:\/\/www.europesays.com\/pt\/432984\/"},"modified":"2026-06-28T09:28:19","modified_gmt":"2026-06-28T09:28:19","slug":"apple-pede-a-administracao-trump-que-aprove-memoria-ram-chinesa","status":"publish","type":"post","link":"https:\/\/www.europesays.com\/pt\/432984\/","title":{"rendered":"Apple pede \u00e0 administra\u00e7\u00e3o Trump que aprove mem\u00f3ria RAM chinesa"},"content":{"rendered":"<p>A Apple est\u00e1 a tentar obter autoriza\u00e7\u00e3o do governo de Donald Trump para adquirir chips de mem\u00f3ria a uma empresa chinesa sancionada. A empresa est\u00e1 a tentar desesperadamente mitigar o impacto da escalada de pre\u00e7os dos componentes.<\/p>\n<p style=\"text-align: center;\"><a target=\"_blank\" href=\"https:\/\/pplware.sapo.pt\/wp-content\/uploads\/2024\/05\/tim_cook_zangado00.jpg\" onclick=\"refreshIframe()\" class=\"foobox\" rel=\"nofollow noopener\"><img fetchpriority=\"high\" decoding=\"async\" src=\"https:\/\/www.europesays.com\/pt\/wp-content\/uploads\/2026\/06\/tim_cook_zangado00-1024x576.jpg\" alt=\"\" width=\"720\" height=\"405\" class=\"alignnone size-large wp-image-995521\"  \/><\/a><\/p>\n<p>O impacto da lista negra do Pent\u00e1gono nos planos da Apple<\/p>\n<p>De acordo com informa\u00e7\u00f5es avan\u00e7adas pelo <a target=\"_blank\" href=\"https:\/\/www.ft.com\/content\/d72a25e2-7bde-4aa9-bd8d-0c4f3d6cb2cb\" rel=\"nofollow noopener\">Financial Times<\/a>, a gigante de Cupertino iniciou uma campanha de press\u00e3o junto da administra\u00e7\u00e3o norte-americana. O objetivo \u00e9 conseguir uma licen\u00e7a especial para negociar com a CXMT, <strong>uma fabricante de chips que se encontra sob fortes restri\u00e7\u00f5es<\/strong>.<\/p>\n<p>Esta empresa foi colocada numa lista restritiva devido a alegadas liga\u00e7\u00f5es \u00e0s for\u00e7as armadas da China, <strong>o que impede transa\u00e7\u00f5es diretas sem o aval de Washington<\/strong>.<\/p>\n<p>A tecnol\u00f3gica liderada por Tim Cook tenta assim contornar as barreiras <strong>impostas pela lista negra militar do Pent\u00e1gono<\/strong>.<\/p>\n<p style=\"text-align: center;\"><a target=\"_blank\" href=\"https:\/\/pplware.sapo.pt\/wp-content\/uploads\/2026\/03\/dispositivos_apple_02.webp\" rel=\"nofollow noopener\"><img loading=\"lazy\" decoding=\"async\" src=\"https:\/\/www.europesays.com\/pt\/wp-content\/uploads\/2026\/06\/1782638899_914_dispositivos_apple_02-1024x576.webp\" alt=\"\" width=\"720\" height=\"405\" class=\"alignnone size-large wp-image-1107664\"  \/><\/a><\/p>\n<p>Aumento de custos for\u00e7a subida de pre\u00e7os nos Mac e iPad<\/p>\n<p>A urg\u00eancia desta medida surge num momento em que o mercado global de semicondutores enfrenta uma press\u00e3o inflacion\u00e1ria. Recentemente, a Apple viu-se obrigada a <a target=\"_blank\" href=\"https:\/\/pplware.sapo.pt\/apple\/apple-aumenta-precos-de-varios-produtos-ha-modelos-a-subir-centenas-de-euros\/\" rel=\"nofollow noopener\">aumentar<\/a> os pre\u00e7os de v\u00e1rios dos seus dispositivos mais populares, incluindo Macs e iPads.<\/p>\n<p>A justifica\u00e7\u00e3o oficial aponta diretamente para o encarecimento dos chips de armazenamento e mem\u00f3ria. O pr\u00f3prio Tim Cook referiu que a empresa n\u00e3o tinha outra alternativa <strong>sen\u00e3o ajustar as margens de lucro atrav\u00e9s de uma subida generalizada de pre\u00e7os<\/strong>.<\/p>\n<p>Embora a legisla\u00e7\u00e3o norte-americana n\u00e3o pro\u00edba tecnicamente a compra de componentes a marcas como a CXMT ou a YMTC, as diretrizes de seguran\u00e7a nacional tornam o processo extremamente complexo. Para utilizar estes fornecedores sem sofrer repres\u00e1lias ou san\u00e7\u00f5es,<strong> a Apple necessita de obter licen\u00e7as espec\u00edficas do Departamento de Com\u00e9rcio<\/strong>.<\/p>\n<p>Cook j\u00e1 tinha sugerido que todas as op\u00e7\u00f5es de fornecimento deveriam estar abertas <strong>para garantir a estabilidade do ecossistema de produ\u00e7\u00e3o<\/strong>.<\/p>\n<p>\u00a0<\/p>\n<p><strong>Leia tamb\u00e9m:<\/strong><\/p>\n","protected":false},"excerpt":{"rendered":"A Apple est\u00e1 a tentar obter autoriza\u00e7\u00e3o do governo de Donald Trump para adquirir chips de mem\u00f3ria a&hellip;\n","protected":false},"author":2,"featured_media":432985,"comment_status":"","ping_status":"","sticky":false,"template":"","format":"standard","meta":{"footnotes":"","_share_on_mastodon":"0"},"categories":[83],"tags":[247,88,358,359,92,89,90,413,32,33],"class_list":["post-432984","post","type-post","status-publish","format-standard","has-post-thumbnail","category-empresas","tag-apple","tag-business","tag-china","tag-chips","tag-donald-trump","tag-economy","tag-empresas","tag-eua","tag-portugal","tag-pt"],"share_on_mastodon":{"url":"https:\/\/pubeurope.com\/@pt\/116827030318377341","error":""},"_links":{"self":[{"href":"https:\/\/www.europesays.com\/pt\/wp-json\/wp\/v2\/posts\/432984","targetHints":{"allow":["GET"]}}],"collection":[{"href":"https:\/\/www.europesays.com\/pt\/wp-json\/wp\/v2\/posts"}],"about":[{"href":"https:\/\/www.europesays.com\/pt\/wp-json\/wp\/v2\/types\/post"}],"author":[{"embeddable":true,"href":"https:\/\/www.europesays.com\/pt\/wp-json\/wp\/v2\/users\/2"}],"replies":[{"embeddable":true,"href":"https:\/\/www.europesays.com\/pt\/wp-json\/wp\/v2\/comments?post=432984"}],"version-history":[{"count":0,"href":"https:\/\/www.europesays.com\/pt\/wp-json\/wp\/v2\/posts\/432984\/revisions"}],"wp:featuredmedia":[{"embeddable":true,"href":"https:\/\/www.europesays.com\/pt\/wp-json\/wp\/v2\/media\/432985"}],"wp:attachment":[{"href":"https:\/\/www.europesays.com\/pt\/wp-json\/wp\/v2\/media?parent=432984"}],"wp:term":[{"taxonomy":"category","embeddable":true,"href":"https:\/\/www.europesays.com\/pt\/wp-json\/wp\/v2\/categories?post=432984"},{"taxonomy":"post_tag","embeddable":true,"href":"https:\/\/www.europesays.com\/pt\/wp-json\/wp\/v2\/tags?post=432984"}],"curies":[{"name":"wp","href":"https:\/\/api.w.org\/{rel}","templated":true}]}}