{"id":433104,"date":"2026-06-28T12:12:13","date_gmt":"2026-06-28T12:12:13","guid":{"rendered":"https:\/\/www.europesays.com\/pt\/433104\/"},"modified":"2026-06-28T12:12:13","modified_gmt":"2026-06-28T12:12:13","slug":"bcp-recompra-mais-de-114-milhoes-de-acoes-proprias-numa-semana-por-quase-30-milhoes-de-euros-acumulados","status":"publish","type":"post","link":"https:\/\/www.europesays.com\/pt\/433104\/","title":{"rendered":"BCP recompra mais de 11,4 milh\u00f5es de a\u00e7\u00f5es pr\u00f3prias numa semana por quase 30 milh\u00f5es de euros acumulados"},"content":{"rendered":"<p>        Desta forma, a institui\u00e7\u00e3o liderada por Miguel Maya passa a deter um total de 29.575.269 a\u00e7\u00f5es pr\u00f3prias, o que representa 0,20% do capital social do banco.    <\/p>\n<p>O Banco Comercial Portugu\u00eas (BCP) anunciou ao mercado que adquiriu um total de 11.408.873 a\u00e7\u00f5es (11,4 milh\u00f5es) ordin\u00e1rias pr\u00f3prias entre os dias 22 e 26 de junho, informou hoje a institui\u00e7\u00e3o financeira em comunicado enviado \u00e0 Comiss\u00e3o do Mercado de Valores Mobili\u00e1rios (CMVM).<\/p>\n<p>Desta forma, a institui\u00e7\u00e3o liderada por Miguel Maya passa a deter um total de 29.575.269 a\u00e7\u00f5es pr\u00f3prias, o que representa 0,20% do capital social do banco.<\/p>\n<p>Em maio o BCP anunciou um programa de recompra de a\u00e7\u00f5es no valor de cerca de 407,5 milh\u00f5es de euros, equivalente a 2,84% da capitaliza\u00e7\u00e3o bolsista do banco.<\/p>\n<p>O Millennium BCP decidiu distribuir 90% dos resultados do ano passado pelos acionistas, divididos entre 50% para dividendos e 40% para um programa de recompra de a\u00e7\u00f5es. O banco lucrou 1.018,16 milh\u00f5es de euros em 2025<\/p>\n<p>Segundo a nota emitida pelo banco, as opera\u00e7\u00f5es foram realizadas no mercado regulamentado Euronext Lisbon ao abrigo do seu Programa de Recompra de A\u00e7\u00f5es Pr\u00f3prias, iniciado ap\u00f3s aprova\u00e7\u00e3o e divulga\u00e7\u00e3o dos termos no passado dia 27 de maio de 2026.<\/p>\n<p>A execu\u00e7\u00e3o do referido programa esteve a cargo da entidade financeira J.P. Morgan SE. No per\u00edodo em an\u00e1lise, o pre\u00e7o m\u00e9dio ponderado das a\u00e7\u00f5es adquiridas oscilou entre o valor m\u00e1ximo de 1,0449 euros, registado na sess\u00e3o de 22 de junho, e o m\u00ednimo de 1,0171 euros, verificado no dia de hoje, 26 de junho.<\/p>\n<p>O volume di\u00e1rio de aquisi\u00e7\u00f5es variou entre as 3.165.429 a\u00e7\u00f5es no primeiro dia da semana e as 1.540.434 a\u00e7\u00f5es na sess\u00e3o de hoje.<\/p>\n<p>Com estas transa\u00e7\u00f5es, o montante total investido pelo BCP desde o in\u00edcio do programa de recompra ascende a 29.348.538 euros, correspondente a um acumulado de 29.575.269 a\u00e7\u00f5es.<\/p>\n<p>\u00a0<\/p>\n","protected":false},"excerpt":{"rendered":"Desta forma, a institui\u00e7\u00e3o liderada por Miguel Maya passa a deter um total de 29.575.269 a\u00e7\u00f5es pr\u00f3prias, o&hellip;\n","protected":false},"author":2,"featured_media":433105,"comment_status":"","ping_status":"","sticky":false,"template":"","format":"standard","meta":{"footnotes":"","_share_on_mastodon":"0"},"categories":[83],"tags":[8655,88,89,90,32,33],"class_list":["post-433104","post","type-post","status-publish","format-standard","has-post-thumbnail","category-empresas","tag-bcp","tag-business","tag-economy","tag-empresas","tag-portugal","tag-pt"],"share_on_mastodon":{"url":"https:\/\/pubeurope.com\/@pt\/116827674754575623","error":""},"_links":{"self":[{"href":"https:\/\/www.europesays.com\/pt\/wp-json\/wp\/v2\/posts\/433104","targetHints":{"allow":["GET"]}}],"collection":[{"href":"https:\/\/www.europesays.com\/pt\/wp-json\/wp\/v2\/posts"}],"about":[{"href":"https:\/\/www.europesays.com\/pt\/wp-json\/wp\/v2\/types\/post"}],"author":[{"embeddable":true,"href":"https:\/\/www.europesays.com\/pt\/wp-json\/wp\/v2\/users\/2"}],"replies":[{"embeddable":true,"href":"https:\/\/www.europesays.com\/pt\/wp-json\/wp\/v2\/comments?post=433104"}],"version-history":[{"count":0,"href":"https:\/\/www.europesays.com\/pt\/wp-json\/wp\/v2\/posts\/433104\/revisions"}],"wp:featuredmedia":[{"embeddable":true,"href":"https:\/\/www.europesays.com\/pt\/wp-json\/wp\/v2\/media\/433105"}],"wp:attachment":[{"href":"https:\/\/www.europesays.com\/pt\/wp-json\/wp\/v2\/media?parent=433104"}],"wp:term":[{"taxonomy":"category","embeddable":true,"href":"https:\/\/www.europesays.com\/pt\/wp-json\/wp\/v2\/categories?post=433104"},{"taxonomy":"post_tag","embeddable":true,"href":"https:\/\/www.europesays.com\/pt\/wp-json\/wp\/v2\/tags?post=433104"}],"curies":[{"name":"wp","href":"https:\/\/api.w.org\/{rel}","templated":true}]}}