{"id":433256,"date":"2026-06-28T14:52:16","date_gmt":"2026-06-28T14:52:16","guid":{"rendered":"https:\/\/www.europesays.com\/pt\/433256\/"},"modified":"2026-06-28T14:52:16","modified_gmt":"2026-06-28T14:52:16","slug":"hospital-registra-aumento-de-237-nos-atendimentos-relacionados-ao-ceratocone","status":"publish","type":"post","link":"https:\/\/www.europesays.com\/pt\/433256\/","title":{"rendered":"Hospital registra aumento de 23,7% nos atendimentos relacionados ao ceratocone"},"content":{"rendered":"<p>\t\t\t\t\t<a class=\"eb-image-viewport\"><br \/>\n\t\t\t\t\t<img decoding=\"async\" src=\"https:\/\/www.europesays.com\/pt\/wp-content\/uploads\/2026\/06\/b2ap3_large_Sade-principal-27junho-olho.jpg\"\/><br \/>\n\t\t<\/a><\/p>\n<p>\n\t\t\tCondi\u00e7\u00e3o afeta principalmente adolescentes e adultos jovens, entre os 10 e os 25 anos de idade. Foto- Imagem de Magnific\/AI\n\t\t<\/p>\n<p>Altera\u00e7\u00f5es visuais nem sempre chamam aten\u00e7\u00e3o logo no in\u00edcio. Vis\u00e3o emba\u00e7ada, imagens distorcidas e mudan\u00e7as frequentes no grau dos \u00f3culos costumam ser associadas ao cansa\u00e7o ou a problemas refrativos comuns, adiando a procura por avalia\u00e7\u00e3o especializada.<\/p>\n<p><a href=\"https:\/\/whatsapp.com\/channel\/0029VaAdlTM7z4koWTmyfw3H\" title=\"\" class=\"\" target=\"_blank\" rel=\"noopener noreferrer nofollow\">Clique aqui para participar do canal do <strong>Di\u00e1rio de Jacare\u00ed <\/strong>no WhatsApp e receber not\u00edcias em tempo real.<\/a><\/p>\n<p> Em levantamento para as a\u00e7\u00f5es do &#8216;Junho Violeta&#8217;, campanha de conscientiza\u00e7\u00e3o sobre o ceratocone, o H.Olhos registrou aumento de 23,7% nos atendimentos relacionados \u00e0 condi\u00e7\u00e3o &#8211; considerando o per\u00edodo de janeiro a abril de 2026, em compara\u00e7\u00e3o com os mesmos meses do ano anterior -, cen\u00e1rio que refor\u00e7a a import\u00e2ncia do diagn\u00f3stico precoce e do acompanhamento oftalmol\u00f3gico regular.<\/p>\n<p>O ceratocone \u00e9 uma altera\u00e7\u00e3o progressiva que afeta a c\u00f3rnea, estrutura transparente localizada na parte frontal do olho e fundamental para a forma\u00e7\u00e3o das imagens. Ao longo da evolu\u00e7\u00e3o, esse tecido sofre afinamento e mudan\u00e7a de curvatura, assumindo formato irregular que compromete a qualidade visual.<\/p>\n<p>Estima-se que cerca de 150 mil brasileiros desenvolvam a doen\u00e7a todos os anos, com identifica\u00e7\u00e3o mais frequente entre os 10 e os 25 anos de idade, faixa et\u00e1ria em que o acompanhamento oftalmol\u00f3gico merece aten\u00e7\u00e3o redobrada.<\/p>\n<p><b data-redactor-tag=\"b\">DESAFIOS<br \/><\/b>O Dr. Klaus Anton Tyrrasch, oftalmologista especialista em C\u00f3rnea e Doen\u00e7as Externas Oculares do H.Olhos, explica que um dos principais desafios est\u00e1 justamente na evolu\u00e7\u00e3o silenciosa do quadro.\u00a0<\/p>\n<p>&#8220;Nas fases iniciais, muitos pacientes interpretam os sintomas apenas como altera\u00e7\u00e3o do grau ou necessidade de trocar os \u00f3culos, sem perceber que existe uma mudan\u00e7a estrutural acontecendo na c\u00f3rnea. Essa demora pode favorecer a progress\u00e3o e ampliar o impacto na vis\u00e3o&#8221;, afirma.<\/p>\n<p>Entre os sinais mais comuns est\u00e3o vis\u00e3o borrada, distor\u00e7\u00e3o das imagens, dificuldade para enxergar \u00e0 noite, sensibilidade \u00e0 luz e oscila\u00e7\u00f5es frequentes na corre\u00e7\u00e3o visual. Segundo o especialista, a investiga\u00e7\u00e3o oftalmol\u00f3gica deve ser considerada sempre que houver piora persistente da qualidade da vis\u00e3o.<\/p>\n<p>&#8220;Nem todos apresentam sintomas intensos no come\u00e7o, e alguns mant\u00eam boa acuidade visual mesmo com altera\u00e7\u00f5es iniciais. Por isso, a avalia\u00e7\u00e3o detalhada \u00e9 indispens\u00e1vel para identificar precocemente o problema e acompanhar sua evolu\u00e7\u00e3o&#8221;, destaca.<\/p>\n<p>Outro fator importante envolve o h\u00e1bito de co\u00e7ar a regi\u00e3o ocular, especialmente entre pessoas com alergias oculares. &#8220;Esfregar os olhos com frequ\u00eancia est\u00e1 associado \u00e0 progress\u00e3o da doen\u00e7a, pois esse movimento pode alterar a resist\u00eancia da c\u00f3rnea e favorecer mudan\u00e7as em sua curvatura ao longo do tempo&#8221;, explica.<\/p>\n<p>A confirma\u00e7\u00e3o diagn\u00f3stica ocorre por meio da consulta oftalmol\u00f3gica associada a exames espec\u00edficos, como topografia e tomografia corneana, capazes de mapear a superf\u00edcie ocular e detectar altera\u00e7\u00f5es ainda discretas.<\/p>\n<p> Essas ferramentas permitem definir o est\u00e1gio apresentado e direcionar a conduta de forma individualizada.<br \/>Embora ainda represente uma das principais indica\u00e7\u00f5es de transplante de c\u00f3rnea entre pacientes jovens, o acesso ampliado \u00e0 informa\u00e7\u00e3o e a identifica\u00e7\u00e3o precoce t\u00eam contribu\u00eddo para melhores perspectivas visuais e maior possibilidade de controle da doen\u00e7a.<\/p>\n","protected":false},"excerpt":{"rendered":"Condi\u00e7\u00e3o afeta principalmente adolescentes e adultos jovens, entre os 10 e os 25 anos de idade. Foto- Imagem&hellip;\n","protected":false},"author":2,"featured_media":433257,"comment_status":"","ping_status":"","sticky":false,"template":"","format":"standard","meta":{"footnotes":"","_share_on_mastodon":"0"},"categories":[86],"tags":[2732,116,32,33,117],"class_list":["post-433256","post","type-post","status-publish","format-standard","has-post-thumbnail","category-saude","tag-geral","tag-health","tag-portugal","tag-pt","tag-saude"],"share_on_mastodon":{"url":"https:\/\/pubeurope.com\/@pt\/116828304134724712","error":""},"_links":{"self":[{"href":"https:\/\/www.europesays.com\/pt\/wp-json\/wp\/v2\/posts\/433256","targetHints":{"allow":["GET"]}}],"collection":[{"href":"https:\/\/www.europesays.com\/pt\/wp-json\/wp\/v2\/posts"}],"about":[{"href":"https:\/\/www.europesays.com\/pt\/wp-json\/wp\/v2\/types\/post"}],"author":[{"embeddable":true,"href":"https:\/\/www.europesays.com\/pt\/wp-json\/wp\/v2\/users\/2"}],"replies":[{"embeddable":true,"href":"https:\/\/www.europesays.com\/pt\/wp-json\/wp\/v2\/comments?post=433256"}],"version-history":[{"count":0,"href":"https:\/\/www.europesays.com\/pt\/wp-json\/wp\/v2\/posts\/433256\/revisions"}],"wp:featuredmedia":[{"embeddable":true,"href":"https:\/\/www.europesays.com\/pt\/wp-json\/wp\/v2\/media\/433257"}],"wp:attachment":[{"href":"https:\/\/www.europesays.com\/pt\/wp-json\/wp\/v2\/media?parent=433256"}],"wp:term":[{"taxonomy":"category","embeddable":true,"href":"https:\/\/www.europesays.com\/pt\/wp-json\/wp\/v2\/categories?post=433256"},{"taxonomy":"post_tag","embeddable":true,"href":"https:\/\/www.europesays.com\/pt\/wp-json\/wp\/v2\/tags?post=433256"}],"curies":[{"name":"wp","href":"https:\/\/api.w.org\/{rel}","templated":true}]}}