{"id":433303,"date":"2026-06-28T15:57:14","date_gmt":"2026-06-28T15:57:14","guid":{"rendered":"https:\/\/www.europesays.com\/pt\/433303\/"},"modified":"2026-06-28T15:57:14","modified_gmt":"2026-06-28T15:57:14","slug":"11-mortos-em-acidente-de-aviao-no-norte-de-franca-observador","status":"publish","type":"post","link":"https:\/\/www.europesays.com\/pt\/433303\/","title":{"rendered":"11 mortos em acidente de avi\u00e3o no norte de Fran\u00e7a \u2013 Observador"},"content":{"rendered":"<p>Um avi\u00e3o despenhou-se este domingo de manh\u00e3, numa zona residencial de Nancy, no norte de Fran\u00e7a. A bordo seguiam 11 pessoas. N\u00e3o h\u00e1 sobreviventes do acidente, segundo os meios de comunica\u00e7\u00e3o social franceses.<\/p>\n<p>O acidente aconteceu na localidade de Meurthe-et-Moselle. De acordo com os mesmos meios, os passageiros preparavam-se para participar numa sess\u00e3o de paraquedismo. O avi\u00e3o partiu do aer\u00f3dromo de Nancy-Essey com dois grupos de cinco passageiros que iam participar num batismo de paraquedismo.<\/p>\n<p>Passados poucos minutos, cerca das 11h, a aeronave acabou por despenhar-se, levando \u00e0 morte do piloto e dos 10 passageiros.<\/p>\n","protected":false},"excerpt":{"rendered":"Um avi\u00e3o despenhou-se este domingo de manh\u00e3, numa zona residencial de Nancy, no norte de Fran\u00e7a. A bordo&hellip;\n","protected":false},"author":2,"featured_media":433304,"comment_status":"","ping_status":"","sticky":false,"template":"","format":"standard","meta":{"footnotes":"","_share_on_mastodon":"0"},"categories":[50],"tags":[27,28,445,15,16,2104,14,25,26,21,22,62,12,13,19,20,23,24,17,18,29,30,31,63,64,65],"class_list":["post-433303","post","type-post","status-publish","format-standard","has-post-thumbnail","category-mundo","tag-breaking-news","tag-breakingnews","tag-europa","tag-featured-news","tag-featurednews","tag-franu00e7a","tag-headlines","tag-latest-news","tag-latestnews","tag-main-news","tag-mainnews","tag-mundo","tag-news","tag-noticias","tag-noticias-principais","tag-noticiasprincipais","tag-principais-noticias","tag-principaisnoticias","tag-top-stories","tag-topstories","tag-ultimas","tag-ultimas-noticias","tag-ultimasnoticias","tag-world","tag-world-news","tag-worldnews"],"share_on_mastodon":{"url":"https:\/\/pubeurope.com\/@pt\/116828559368374819","error":""},"_links":{"self":[{"href":"https:\/\/www.europesays.com\/pt\/wp-json\/wp\/v2\/posts\/433303","targetHints":{"allow":["GET"]}}],"collection":[{"href":"https:\/\/www.europesays.com\/pt\/wp-json\/wp\/v2\/posts"}],"about":[{"href":"https:\/\/www.europesays.com\/pt\/wp-json\/wp\/v2\/types\/post"}],"author":[{"embeddable":true,"href":"https:\/\/www.europesays.com\/pt\/wp-json\/wp\/v2\/users\/2"}],"replies":[{"embeddable":true,"href":"https:\/\/www.europesays.com\/pt\/wp-json\/wp\/v2\/comments?post=433303"}],"version-history":[{"count":0,"href":"https:\/\/www.europesays.com\/pt\/wp-json\/wp\/v2\/posts\/433303\/revisions"}],"wp:featuredmedia":[{"embeddable":true,"href":"https:\/\/www.europesays.com\/pt\/wp-json\/wp\/v2\/media\/433304"}],"wp:attachment":[{"href":"https:\/\/www.europesays.com\/pt\/wp-json\/wp\/v2\/media?parent=433303"}],"wp:term":[{"taxonomy":"category","embeddable":true,"href":"https:\/\/www.europesays.com\/pt\/wp-json\/wp\/v2\/categories?post=433303"},{"taxonomy":"post_tag","embeddable":true,"href":"https:\/\/www.europesays.com\/pt\/wp-json\/wp\/v2\/tags?post=433303"}],"curies":[{"name":"wp","href":"https:\/\/api.w.org\/{rel}","templated":true}]}}