{"id":433628,"date":"2026-06-28T21:57:14","date_gmt":"2026-06-28T21:57:14","guid":{"rendered":"https:\/\/www.europesays.com\/pt\/433628\/"},"modified":"2026-06-28T21:57:14","modified_gmt":"2026-06-28T21:57:14","slug":"sabrina-sato-revela-como-contou-para-zoe-sobre-nova-gravidez","status":"publish","type":"post","link":"https:\/\/www.europesays.com\/pt\/433628\/","title":{"rendered":"Sabrina Sato revela como contou para Zoe sobre nova gravidez"},"content":{"rendered":"<p class=\"wp-block-paragraph\">Em suas redes sociais, Sabrina Sato sempre compartilha diversos momentos de sua rotina com seus mais de 29 milh\u00f5es de seguidores. <\/p>\n<p class=\"wp-block-paragraph\"><strong><a href=\"https:\/\/chat.whatsapp.com\/FnDWEihz4meDvhNL3hsfMi\" target=\"_blank\" rel=\"noreferrer noopener nofollow\">Receba as Not\u00edcias de OFuxico em seu celular<\/a><\/strong><\/p>\n<p class=\"wp-block-paragraph\">Recentemente, a apresentadora anunciou que est\u00e1 \u00e0 espera de seu primeiro filho com Nicolas Prattes. Ela j\u00e1 \u00e9 m\u00e3e de Zoe, de sete anos de idade, fruto do seu relacionamento com Duda Nagle.<\/p>\n<p class=\"wp-block-paragraph\">Em seu Instagram Stories, a famosa conversou com os seguidores e comentou sobre algumas diferen\u00e7as entre as gesta\u00e7\u00f5es.<\/p>\n<p class=\"wp-block-paragraph\"><strong><a href=\"https:\/\/ofuxico.com.br\/gravidez\/sabrina-sato-encanta-ao-exibir-barriguinha-da-gravidez\/\" rel=\"nofollow noopener\" target=\"_blank\">Sabrina Sato encanta ao exibir barriguinha da gravidez<\/a><\/strong><\/p>\n<p class=\"wp-block-paragraph\">\u201cEu estava pensando uma coisa\u2026 O Nicolas vai ser pai pela primeira vez, a Zoe vai ser irm\u00e3 pela primeira vez e eu sou m\u00e3e pela segunda vez. Mas a\u00ed \u00e9 que est\u00e1 a quest\u00e3o, \u00e9 a segunda vez, mas nenhuma gesta\u00e7\u00e3o \u00e9 igual a outra. Essa gesta\u00e7\u00e3o est\u00e1 completamente diferente da gesta\u00e7\u00e3o da Zoe porque na da Zoe, nessa \u00e9poca eu j\u00e1 estava no hospital, eu fiquei internada nos tr\u00eas primeiros meses porque eu tive um descolamento de placenta. Eu precisei ficar de repouso absoluto\u201d, disse ela.<\/p>\n<p class=\"wp-block-paragraph\">Em seguida, Sabrina contou que foi convencida a fazer um Ch\u00e1 Revela\u00e7\u00e3o para descobrir o sexo do novo beb\u00ea.<\/p>\n<p class=\"wp-block-paragraph\">\u201cEu n\u00e3o posso me esquecer que \u00e9 a primeira vez do Nicolas e da Zoe. Eles est\u00e3o super empolgados, tanto quanto eu. N\u00f3s tr\u00eas estamos muito empolgados. Ch\u00e1 Revela\u00e7\u00e3o eu n\u00e3o fiz para a Zoe porque eu estava no hospital nessa \u00e9poca e eu acabei sabendo l\u00e1 mesmo porque eu estava muito ansiosa. E agora eles est\u00e3o desesperados para saber, a Zoe s\u00f3 fala disso. E eu que falei que nunca ia fazer essas coisas, vou ter que fazer. Ser\u00e1 apenas para a fam\u00edlia, bem simples. A Zoe assistiu v\u00eddeos e ela quer fazer o Ch\u00e1 Revela\u00e7\u00e3o, ent\u00e3o vamos fazer\u201d, contou.<\/p>\n<p>Como Zoe ficou sabendo da novidade?<\/p>\n<p class=\"wp-block-paragraph\">J\u00e1 no TikTok, Sabrina compartilhou um v\u00eddeo e revelou como ela e Nicolas revelaram a novidade para Zoe que, ao que tudo indica, est\u00e1 super feliz com a nova fase da fam\u00edlia.<\/p>\n<p class=\"wp-block-paragraph\">\u201cNo caf\u00e9 da manh\u00e3, o Nicolas comprou um bolo que tinha escrito \u2018Promovida a irm\u00e3 mais velha\u2019 e ele mandou fazer tamb\u00e9m uma camiseta para ela. A Zozo est\u00e1 feliz da vida em ser irm\u00e3 mais velha\u201d, disse a mam\u00e3e coruja.<\/p>\n<blockquote class=\"tiktok-embed\" cite=\"https:\/\/www.tiktok.com\/@sabrinasato\/video\/7655870356242189576\" data-video-id=\"7655870356242189576\" style=\"max-width: 605px;min-width: 325px;\"><p>\n <a target=\"_blank\" title=\"@sabrinasato\" href=\"https:\/\/www.tiktok.com\/@sabrinasato?refer=embed\" rel=\"nofollow noopener\">@sabrinasato<\/a> <\/p>\n<p>A Zozo t\u00e1 feliz da vida em ser irm\u00e3 mais velha! \ud83e\udd0d<\/p>\n<p> <a target=\"_blank\" title=\"\u266c som original - Sabrina Sato\" href=\"https:\/\/www.tiktok.com\/music\/som-original-7655870558387243783?refer=embed\" rel=\"nofollow noopener\">\u266c som original \u2013 Sabrina Sato<\/a> <\/p>\n<\/blockquote>\n<p>                <script async src=\"\/\/www.tiktok.com\/embed.js\"><\/script><\/p>\n","protected":false},"excerpt":{"rendered":"Em suas redes sociais, Sabrina Sato sempre compartilha diversos momentos de sua rotina com seus mais de 29&hellip;\n","protected":false},"author":2,"featured_media":433629,"comment_status":"","ping_status":"","sticky":false,"template":"","format":"standard","meta":{"footnotes":"","_share_on_mastodon":"0"},"categories":[145],"tags":[211,210,114,115,1041,15237,13,32,33,3792,12859],"class_list":["post-433628","post","type-post","status-publish","format-standard","has-post-thumbnail","category-celebridades","tag-celebridades","tag-celebrities","tag-entertainment","tag-entretenimento","tag-gravidez","tag-nicolas-prattes","tag-noticias","tag-portugal","tag-pt","tag-sabrina-sato","tag-zoe"],"share_on_mastodon":{"url":"https:\/\/pubeurope.com\/@pt\/116829974984649321","error":""},"_links":{"self":[{"href":"https:\/\/www.europesays.com\/pt\/wp-json\/wp\/v2\/posts\/433628","targetHints":{"allow":["GET"]}}],"collection":[{"href":"https:\/\/www.europesays.com\/pt\/wp-json\/wp\/v2\/posts"}],"about":[{"href":"https:\/\/www.europesays.com\/pt\/wp-json\/wp\/v2\/types\/post"}],"author":[{"embeddable":true,"href":"https:\/\/www.europesays.com\/pt\/wp-json\/wp\/v2\/users\/2"}],"replies":[{"embeddable":true,"href":"https:\/\/www.europesays.com\/pt\/wp-json\/wp\/v2\/comments?post=433628"}],"version-history":[{"count":0,"href":"https:\/\/www.europesays.com\/pt\/wp-json\/wp\/v2\/posts\/433628\/revisions"}],"wp:featuredmedia":[{"embeddable":true,"href":"https:\/\/www.europesays.com\/pt\/wp-json\/wp\/v2\/media\/433629"}],"wp:attachment":[{"href":"https:\/\/www.europesays.com\/pt\/wp-json\/wp\/v2\/media?parent=433628"}],"wp:term":[{"taxonomy":"category","embeddable":true,"href":"https:\/\/www.europesays.com\/pt\/wp-json\/wp\/v2\/categories?post=433628"},{"taxonomy":"post_tag","embeddable":true,"href":"https:\/\/www.europesays.com\/pt\/wp-json\/wp\/v2\/tags?post=433628"}],"curies":[{"name":"wp","href":"https:\/\/api.w.org\/{rel}","templated":true}]}}