{"id":433782,"date":"2026-06-29T01:40:17","date_gmt":"2026-06-29T01:40:17","guid":{"rendered":"https:\/\/www.europesays.com\/pt\/433782\/"},"modified":"2026-06-29T01:40:17","modified_gmt":"2026-06-29T01:40:17","slug":"o-diabo-veste-prada-2-chega-ao-streaming-veja-quando","status":"publish","type":"post","link":"https:\/\/www.europesays.com\/pt\/433782\/","title":{"rendered":"O Diabo veste Prada 2 chega ao streaming; veja quando"},"content":{"rendered":"<p>\u201dO Diabo Veste Prada 2\u201d  foi um sucesso de bilheteria e conquistou o mundo da moda e da m\u00eddia <strong><a href=\"https:\/\/www.correiodopovo.com.br\/arteagenda\/o-diabo-veste-prada-2-tera-tapete-vermelho-transmitido-no-streaming-veja-como-assistir-1.1705546\" rel=\"noopener noreferrer nofollow\" target=\"_blank\">quando estreou nos cinemas em abril<\/a><\/strong>. Agora, ele <strong><a href=\"https:\/\/www.correiodopovo.com.br\/arteagenda\/o-diabo-veste-prada-2-chega-ao-streaming-em-julho-veja-data--1.1725020\" rel=\"noopener noreferrer nofollow\" target=\"_blank\">ganhou data para chegar ao streaming<\/a><\/strong>. O filme estrear\u00e1 no Disney+ em 29 de julho.<\/p>\n<p><strong><a href=\"https:\/\/www.correiodopovo.com.br\/arteagenda\/teaser-de-o-diabo-veste-prada-2-reune-elenco-original-1.1697146\" rel=\"noopener noreferrer nofollow\" target=\"_blank\">Estrelado por Meryl Streep, Anne Hathaway, Emily Blunt e Stanley Tucci<\/a><\/strong>, o filme caminha para arrecadar mais de US$ 676 milh\u00f5es em todo o mundo. A franquia O Diabo Veste Prada como um todo, considerando primeiro segundo filmes, recentemente ultrapassou a marca de US$ 1 bilh\u00e3o arrecadados no mundo todo.<\/p>\n<p>Sobre o que \u00e9 O Diabo veste Prada 2? <\/p>\n<p>No filme, Andy Sachs (Anne Hathaway) retorna \u00e0 revista Runway como nova editora de reportagens especiais, onde reencontra sua implac\u00e1vel ex-chefe, Miranda (Meryl Streep) enfrentando amea\u00e7as que est\u00e3o colocando em risco seu imp\u00e9rio editorial. Antigos amigos e novos rostos tamb\u00e9m entram em cena.<\/p>\n<p>A sequ\u00eancia tem dire\u00e7\u00e3o de David Frankel, roteiro de Aline Brosh McKenna, produ\u00e7\u00e3o de Wendy Finerman e produ\u00e7\u00e3o executiva de Michael Bederman, Karen Rosenfelt e Aline Brosh McKenna.<\/p>\n<p>Quando O Diabo veste Prada 2 chega ao streaming? <\/p>\n<p>O longa chega ao Disney+ em 29 de julho.<\/p>\n","protected":false},"excerpt":{"rendered":"\u201dO Diabo Veste Prada 2\u201d foi um sucesso de bilheteria e conquistou o mundo da moda e da&hellip;\n","protected":false},"author":2,"featured_media":433783,"comment_status":"","ping_status":"","sticky":false,"template":"","format":"standard","meta":{"footnotes":"","_share_on_mastodon":"0"},"categories":[140],"tags":[55314,470,7539,114,115,147,148,146,32,33,940],"class_list":["post-433782","post","type-post","status-publish","format-standard","has-post-thumbnail","category-filmes","tag-arteagenda","tag-cinema","tag-disney-plus","tag-entertainment","tag-entretenimento","tag-film","tag-filmes","tag-movies","tag-portugal","tag-pt","tag-streaming"],"share_on_mastodon":{"url":"https:\/\/pubeurope.com\/@pt\/116830852036722943","error":""},"_links":{"self":[{"href":"https:\/\/www.europesays.com\/pt\/wp-json\/wp\/v2\/posts\/433782","targetHints":{"allow":["GET"]}}],"collection":[{"href":"https:\/\/www.europesays.com\/pt\/wp-json\/wp\/v2\/posts"}],"about":[{"href":"https:\/\/www.europesays.com\/pt\/wp-json\/wp\/v2\/types\/post"}],"author":[{"embeddable":true,"href":"https:\/\/www.europesays.com\/pt\/wp-json\/wp\/v2\/users\/2"}],"replies":[{"embeddable":true,"href":"https:\/\/www.europesays.com\/pt\/wp-json\/wp\/v2\/comments?post=433782"}],"version-history":[{"count":0,"href":"https:\/\/www.europesays.com\/pt\/wp-json\/wp\/v2\/posts\/433782\/revisions"}],"wp:featuredmedia":[{"embeddable":true,"href":"https:\/\/www.europesays.com\/pt\/wp-json\/wp\/v2\/media\/433783"}],"wp:attachment":[{"href":"https:\/\/www.europesays.com\/pt\/wp-json\/wp\/v2\/media?parent=433782"}],"wp:term":[{"taxonomy":"category","embeddable":true,"href":"https:\/\/www.europesays.com\/pt\/wp-json\/wp\/v2\/categories?post=433782"},{"taxonomy":"post_tag","embeddable":true,"href":"https:\/\/www.europesays.com\/pt\/wp-json\/wp\/v2\/tags?post=433782"}],"curies":[{"name":"wp","href":"https:\/\/api.w.org\/{rel}","templated":true}]}}