{"id":434209,"date":"2026-06-29T12:57:41","date_gmt":"2026-06-29T12:57:41","guid":{"rendered":"https:\/\/www.europesays.com\/pt\/434209\/"},"modified":"2026-06-29T12:57:41","modified_gmt":"2026-06-29T12:57:41","slug":"felipe-hirsch-celebra-40-anos-de-carreira-e-nova-fase-no-teatro-faco-o-que-acredito-e-para-mim-isso-e-inacreditavel","status":"publish","type":"post","link":"https:\/\/www.europesays.com\/pt\/434209\/","title":{"rendered":"Felipe Hirsch celebra 40 anos de carreira e nova fase no teatro: &#8216;Fa\u00e7o o que acredito e, para mim, isso \u00e9 inacredit\u00e1vel&#8217;"},"content":{"rendered":"\n<p class=\" content-text__container \" data-track-category=\"Link no Texto\" data-track-links=\"\"> \u201c\u00c0 meia-noite, no mesmo teatro, tocava uma banda punk chamada Beijo \u00e0 For\u00e7a. Eram todos polacos, tinham 20 e poucos anos e orbitavam ao redor do (Paulo) <a class=\"\" href=\"https:\/\/oglobo.globo.com\/cultura\/noticia\/2025\/08\/03\/entenda-como-bigode-de-paulo-leminski-se-tornou-marca-registrada-do-autor-homenageado-na-flip-2025.ghtml\" rel=\"nofollow noopener\" target=\"_blank\">Leminski <\/a>(1944-1989). Em Curitiba, havia v\u00e1rias ag\u00eancias de publicidade que empregavam esses poetas alco\u00f3latras. Comecei a frequentar as tert\u00falias deles. At\u00e9 hoje, quem mais assiste aos meus espet\u00e1culos n\u00e3o \u00e9 s\u00f3 a classe teatral, mas designers, jornalistas, fot\u00f3grafos, arquitetos. Gosto que seja assim, sen\u00e3o a gente fica fazendo teatro para n\u00f3s mesmos.\u201d <\/p>\n","protected":false},"excerpt":{"rendered":"\u201c\u00c0 meia-noite, no mesmo teatro, tocava uma banda punk chamada Beijo \u00e0 For\u00e7a. Eram todos polacos, tinham 20&hellip;\n","protected":false},"author":2,"featured_media":434210,"comment_status":"","ping_status":"","sticky":false,"template":"","format":"standard","meta":{"footnotes":"","_share_on_mastodon":"0"},"categories":[145],"tags":[211,210,70249,114,115,874,32874,70247,70248,32,33],"class_list":["post-434209","post","type-post","status-publish","format-standard","has-post-thumbnail","category-celebridades","tag-celebridades","tag-celebrities","tag-critico-literario","tag-entertainment","tag-entretenimento","tag-escritor","tag-paulo-betti","tag-paulo-leminski","tag-poeta","tag-portugal","tag-pt"],"share_on_mastodon":{"url":"https:\/\/pubeurope.com\/@pt\/116833513805217086","error":""},"_links":{"self":[{"href":"https:\/\/www.europesays.com\/pt\/wp-json\/wp\/v2\/posts\/434209","targetHints":{"allow":["GET"]}}],"collection":[{"href":"https:\/\/www.europesays.com\/pt\/wp-json\/wp\/v2\/posts"}],"about":[{"href":"https:\/\/www.europesays.com\/pt\/wp-json\/wp\/v2\/types\/post"}],"author":[{"embeddable":true,"href":"https:\/\/www.europesays.com\/pt\/wp-json\/wp\/v2\/users\/2"}],"replies":[{"embeddable":true,"href":"https:\/\/www.europesays.com\/pt\/wp-json\/wp\/v2\/comments?post=434209"}],"version-history":[{"count":0,"href":"https:\/\/www.europesays.com\/pt\/wp-json\/wp\/v2\/posts\/434209\/revisions"}],"wp:featuredmedia":[{"embeddable":true,"href":"https:\/\/www.europesays.com\/pt\/wp-json\/wp\/v2\/media\/434210"}],"wp:attachment":[{"href":"https:\/\/www.europesays.com\/pt\/wp-json\/wp\/v2\/media?parent=434209"}],"wp:term":[{"taxonomy":"category","embeddable":true,"href":"https:\/\/www.europesays.com\/pt\/wp-json\/wp\/v2\/categories?post=434209"},{"taxonomy":"post_tag","embeddable":true,"href":"https:\/\/www.europesays.com\/pt\/wp-json\/wp\/v2\/tags?post=434209"}],"curies":[{"name":"wp","href":"https:\/\/api.w.org\/{rel}","templated":true}]}}