{"id":434213,"date":"2026-06-29T13:04:27","date_gmt":"2026-06-29T13:04:27","guid":{"rendered":"https:\/\/www.europesays.com\/pt\/434213\/"},"modified":"2026-06-29T13:04:27","modified_gmt":"2026-06-29T13:04:27","slug":"sheglam-lanca-linha-de-maquiagens-inspirada-em-crepusculo-gkpb","status":"publish","type":"post","link":"https:\/\/www.europesays.com\/pt\/434213\/","title":{"rendered":"SHEGLAM lan\u00e7a linha de maquiagens inspirada em Crep\u00fasculo &#8211; GKPB"},"content":{"rendered":"<p class=\"wp-block-paragraph\">Em celebra\u00e7\u00e3o ao 20\u00ba anivers\u00e1rio de <strong><a href=\"http:\/\/gkpb.com.br\/tag\/crepusculo\/\" rel=\"nofollow noopener\" target=\"_blank\">Crep\u00fasculo<\/a><\/strong>, a <strong><a href=\"http:\/\/gkpb.com.br\/tag\/sheglam\/\" rel=\"nofollow noopener\" target=\"_blank\">SHEGLAM<\/a><\/strong>, marca de maquiagens da gigante varejista chinesa <strong><a href=\"http:\/\/gkpb.com.br\/tag\/shein\/\" rel=\"nofollow noopener\" target=\"_blank\">SHEIN<\/a><\/strong>, anunciou atrav\u00e9s de seu perfil oficial no Instagram o lan\u00e7amento de uma linha de maquiagens inspiradas no universo de Crep\u00fasculo. Sucesso dos anos 2000, a hist\u00f3ria \u00e9 baseada nos livros de<strong> Stephenie Meyer<\/strong>, e conta a hist\u00f3ria de amor entre a adolescente<strong> Bella Swan<\/strong> e o vampiro <strong>Edward Cullen<\/strong>.<\/p>\n<p class=\"wp-block-paragraph\">A linha SHEGLAM x Crep\u00fasculo conta com oito itens de maquiagens como paleta de sombra, blush l\u00edquido, iluminador, lip oil, batom, spray de fixa\u00e7\u00e3o e perfume s\u00f3lido. Os produtos ganham n\u00e3o s\u00f3 a est\u00e9tica do filme, mas tamb\u00e9m algumas imagens dos personagens principais Edward e Bella. Confira:<\/p>\n<p><img loading=\"lazy\" decoding=\"async\" width=\"1024\" height=\"1364\" data-attachment-id=\"182272\" data-permalink=\"https:\/\/gkpb.com.br\/182270\/sheglam-crepusculo\/sheglam-crepusculo-gkpb-banner\/\" data-orig-file=\"https:\/\/gkpb.com.br\/wp-content\/uploads\/2025\/09\/sheglam-crepusculo-gkpb-banner.jpg\" data-orig-size=\"1340,1785\" data-comments-opened=\"0\" data-image-title=\"sheglam-crepusculo-gkpb-banner\" data-image-description=\"\" data-image-caption=\"\" data-large-file=\"https:\/\/www.europesays.com\/pt\/wp-content\/uploads\/2026\/06\/sheglam-crepusculo-gkpb-banner-1024x1364.jpg\" src=\"data:image\/svg+xml,%3Csvg%20xmlns=\" http:=\"\" alt=\"\" data-lazy- data-lazy- data-lazy-src=\"https:\/\/www.europesays.com\/pt\/wp-content\/uploads\/2026\/06\/sheglam-crepusculo-gkpb-banner-1024x1364.jpg\"\/><\/p>\n<p>Linha de maquiagens SHEGLAM x Crep\u00fasculo comemorando 20 anos da saga, com produtos inspirados em Bella e Edward.<\/p>\n<p>20 anos Crep\u00fasculo<\/p>\n<p class=\"wp-block-paragraph\">Al\u00e9m do lan\u00e7amento da linha em parceria com a SHEGLAM em comemora\u00e7\u00e3o ao 20\u00ba anivers\u00e1rio da franquia, redes de cinemas no Brasil e EUA ir\u00e3o reprisar toda a saga no final do ano. Nos Estados Unidos, a a\u00e7\u00e3o est\u00e1 prevista para come\u00e7ar em novembro. J\u00e1 no Brasil, os f\u00e3s poder\u00e3o conferir os filmes a partir da primeira semana de dezembro.<\/p>\n<p>Sobre Crep\u00fasculo<\/p>\n<p class=\"wp-block-paragraph\">A hist\u00f3ria de \u201cCrep\u00fasculo\u201d\u00a0acompanha Bella Swan, uma adolescente que se muda para a chuvosa cidade de Forks e se apaixona por Edward Cullen, um vampiro que vive com sua fam\u00edlia e se alimenta de sangue animal.\u00a0O amor dos dois \u00e9 proibido e cercado de perigos, como a persegui\u00e7\u00e3o de um vampiro rival, James, que os leva a uma batalha pela sobreviv\u00eancia.\u00a0<\/p>\n<p class=\"wp-block-paragraph\">Os novos produtos da cole\u00e7\u00e3o Crep\u00fasculo x SHEGLAM j\u00e1 est\u00e3o dispon\u00edveis no <strong><a href=\"https:\/\/onelink.shein.com\/17\/537csnfs4p66\" target=\"_blank\" rel=\"noreferrer noopener nofollow\">site oficial<\/a><\/strong> da Shein.<\/p>\n","protected":false},"excerpt":{"rendered":"Em celebra\u00e7\u00e3o ao 20\u00ba anivers\u00e1rio de Crep\u00fasculo, a SHEGLAM, marca de maquiagens da gigante varejista chinesa SHEIN, anunciou&hellip;\n","protected":false},"author":2,"featured_media":434214,"comment_status":"","ping_status":"","sticky":false,"template":"","format":"standard","meta":{"footnotes":"","_share_on_mastodon":"0"},"categories":[140],"tags":[1081,14856,114,115,147,148,878,146,32,33,70250],"class_list":["post-434213","post","type-post","status-publish","format-standard","has-post-thumbnail","category-filmes","tag-beleza","tag-crepusculo","tag-entertainment","tag-entretenimento","tag-film","tag-filmes","tag-lancamentos","tag-movies","tag-portugal","tag-pt","tag-sheglam"],"share_on_mastodon":{"url":"https:\/\/pubeurope.com\/@pt\/116833541623652807","error":""},"_links":{"self":[{"href":"https:\/\/www.europesays.com\/pt\/wp-json\/wp\/v2\/posts\/434213","targetHints":{"allow":["GET"]}}],"collection":[{"href":"https:\/\/www.europesays.com\/pt\/wp-json\/wp\/v2\/posts"}],"about":[{"href":"https:\/\/www.europesays.com\/pt\/wp-json\/wp\/v2\/types\/post"}],"author":[{"embeddable":true,"href":"https:\/\/www.europesays.com\/pt\/wp-json\/wp\/v2\/users\/2"}],"replies":[{"embeddable":true,"href":"https:\/\/www.europesays.com\/pt\/wp-json\/wp\/v2\/comments?post=434213"}],"version-history":[{"count":0,"href":"https:\/\/www.europesays.com\/pt\/wp-json\/wp\/v2\/posts\/434213\/revisions"}],"wp:featuredmedia":[{"embeddable":true,"href":"https:\/\/www.europesays.com\/pt\/wp-json\/wp\/v2\/media\/434214"}],"wp:attachment":[{"href":"https:\/\/www.europesays.com\/pt\/wp-json\/wp\/v2\/media?parent=434213"}],"wp:term":[{"taxonomy":"category","embeddable":true,"href":"https:\/\/www.europesays.com\/pt\/wp-json\/wp\/v2\/categories?post=434213"},{"taxonomy":"post_tag","embeddable":true,"href":"https:\/\/www.europesays.com\/pt\/wp-json\/wp\/v2\/tags?post=434213"}],"curies":[{"name":"wp","href":"https:\/\/api.w.org\/{rel}","templated":true}]}}