{"id":434245,"date":"2026-06-29T13:30:13","date_gmt":"2026-06-29T13:30:13","guid":{"rendered":"https:\/\/www.europesays.com\/pt\/434245\/"},"modified":"2026-06-29T13:30:13","modified_gmt":"2026-06-29T13:30:13","slug":"vou-parar-quando-eu-quiser-diz-ana-maria-braga-29-06-2026-celebridades","status":"publish","type":"post","link":"https:\/\/www.europesays.com\/pt\/434245\/","title":{"rendered":"&#8216;Vou parar quando eu quiser&#8217;, diz Ana Maria Braga &#8211; 29\/06\/2026 &#8211; Celebridades"},"content":{"rendered":"<p>\n<strong class=\"c-signature__location\">S\u00e3o Paulo<\/strong>\n<\/p>\n<p><a href=\"https:\/\/www1.folha.uol.com.br\/folha-topicos\/ana-maria-braga\/\" rel=\"nofollow noopener\" target=\"_blank\">Ana Maria Braga<\/a> fez um balan\u00e7o da pr\u00f3pria vida em entrevista exibida pelo <a href=\"https:\/\/www1.folha.uol.com.br\/folha-topicos\/fantastico\/\" rel=\"nofollow noopener\" target=\"_blank\">Fant\u00e1stico<\/a> neste domingo (28). Aos 77 anos, a apresentadora revisitou momentos marcantes da carreira e da vida pessoal, falou sobre o c\u00e2ncer, o casamento, a cria\u00e7\u00e3o do <a href=\"https:\/\/www1.folha.uol.com.br\/folha-topicos\/louro-jose\/\" rel=\"nofollow noopener\" target=\"_blank\">Louro Jos\u00e9<\/a> e n\u00e3o economizou sinceridade ao comentar o maior arrependimento de sua trajet\u00f3ria: o v\u00edcio em cigarro.<\/p>\n","protected":false},"excerpt":{"rendered":"S\u00e3o Paulo Ana Maria Braga fez um balan\u00e7o da pr\u00f3pria vida em entrevista exibida pelo Fant\u00e1stico neste domingo&hellip;\n","protected":false},"author":2,"featured_media":434246,"comment_status":"","ping_status":"","sticky":false,"template":"","format":"standard","meta":{"footnotes":"","_share_on_mastodon":"0"},"categories":[142],"tags":[752,219,211,223,114,115,224,4766,225,6107,226,221,220,222,1491,4720,4719,32,33,218,228,151,227],"class_list":["post-434245","post","type-post","status-publish","format-standard","has-post-thumbnail","category-tv","tag-ana-maria-braga","tag-bichos","tag-celebridades","tag-colunistas","tag-entertainment","tag-entretenimento","tag-estranho","tag-etarismo","tag-eu-amo","tag-fantstico","tag-fofices","tag-horoscopo","tag-humanos","tag-humor","tag-idoso","tag-louro-jos","tag-mais-voc","tag-portugal","tag-pt","tag-televisao","tag-tudo","tag-tv","tag-videos"],"share_on_mastodon":{"url":"https:\/\/pubeurope.com\/@pt\/116833643760802733","error":""},"_links":{"self":[{"href":"https:\/\/www.europesays.com\/pt\/wp-json\/wp\/v2\/posts\/434245","targetHints":{"allow":["GET"]}}],"collection":[{"href":"https:\/\/www.europesays.com\/pt\/wp-json\/wp\/v2\/posts"}],"about":[{"href":"https:\/\/www.europesays.com\/pt\/wp-json\/wp\/v2\/types\/post"}],"author":[{"embeddable":true,"href":"https:\/\/www.europesays.com\/pt\/wp-json\/wp\/v2\/users\/2"}],"replies":[{"embeddable":true,"href":"https:\/\/www.europesays.com\/pt\/wp-json\/wp\/v2\/comments?post=434245"}],"version-history":[{"count":0,"href":"https:\/\/www.europesays.com\/pt\/wp-json\/wp\/v2\/posts\/434245\/revisions"}],"wp:featuredmedia":[{"embeddable":true,"href":"https:\/\/www.europesays.com\/pt\/wp-json\/wp\/v2\/media\/434246"}],"wp:attachment":[{"href":"https:\/\/www.europesays.com\/pt\/wp-json\/wp\/v2\/media?parent=434245"}],"wp:term":[{"taxonomy":"category","embeddable":true,"href":"https:\/\/www.europesays.com\/pt\/wp-json\/wp\/v2\/categories?post=434245"},{"taxonomy":"post_tag","embeddable":true,"href":"https:\/\/www.europesays.com\/pt\/wp-json\/wp\/v2\/tags?post=434245"}],"curies":[{"name":"wp","href":"https:\/\/api.w.org\/{rel}","templated":true}]}}