{"id":43434,"date":"2025-08-24T21:18:14","date_gmt":"2025-08-24T21:18:14","guid":{"rendered":"https:\/\/www.europesays.com\/pt\/43434\/"},"modified":"2025-08-24T21:18:14","modified_gmt":"2025-08-24T21:18:14","slug":"sporting-e-benfica-voltam-a-brilhar-contra-gigantes-espanhois","status":"publish","type":"post","link":"https:\/\/www.europesays.com\/pt\/43434\/","title":{"rendered":"Sporting e Benfica voltam a brilhar contra gigantes espanh\u00f3is"},"content":{"rendered":"<p>O Sporting conquistou a International Masters Cup, torneio de pr\u00e9-\u00e9poca disputado em Portim\u00e3o. Os le\u00f5es golearam o Barcelona por 5-2, menos de 24 depois de terem derrubado o Palma, tricampe\u00e3o europeu em t\u00edtulo, por 4-1. <\/p>\n<p>O jogo particular contra os cul\u00e9s n\u00e3o come\u00e7ou da melhor maneira para os le\u00f5es, que sofreram dois golos num minuto. Sergio Gonzalez (7&#8242;) e Neguinho (8&#8242;) constru\u00edram a vantagem blaugrana que apenas ruiu nos \u00faltimos dez minutos de jogo. Merlim empatou as contas com um bis num \u00e1pice, aos 31&#8242; e 32&#8242;.<\/p>\n<p>Nos \u00faltimos cinco minutos de jogo, Taynan, aos 36&#8242; e aos 38&#8242; e Wesley, aos 37&#8242;. consumaram a reviravolta leonina e construiram um resultado volumoso com tr\u00eas golos de rajada. Os le\u00f5es terminam o torneio particular com seis pontos, dois pontos \u00e0 frente do Benfica, que venceu o Palma na segunda e \u00faltima jornada.<\/p>\n<p>            <img decoding=\"async\" src=\"https:\/\/www.europesays.com\/pt\/wp-content\/uploads\/2025\/08\/ee88898f-ac61-43f1-8769-111b9c2e7bee.jpg\" alt=\"\" width=\"620\" class=\"w-full object-cover\"\/><\/p>\n<p>                    Jacar\u00e9 marcou o terceiro das \u00e1guias (SL Benfica)<\/p>\n<p>Fabinho inaugurou o marcador a favor dos campe\u00f5es europeus com um golo madrugador, logo aos 3&#8242;, que fazia a diferen\u00e7a ao intervalo. Logo a abrir a segunda parte, Diego Nunes, que j\u00e1 tinha marcado ao Barcelona, empatou as contas logo a abrir (24&#8242;).<\/p>\n<p>Carlos Monteiro consumou a reviravolta no marcador aos 28&#8242; e Jacar\u00e9 fixou o 3-1 final a poucos segundos do soar do gongo.<\/p>\n<p>Benfica e Sporting demonstraram bons sinais no fim-de-semana contra a elite do futsal europeu, a dez dias de disputarem a Superta\u00e7a, a 3 de setembro, em Gondomar.<\/p>\n","protected":false},"excerpt":{"rendered":"O Sporting conquistou a International Masters Cup, torneio de pr\u00e9-\u00e9poca disputado em Portim\u00e3o. Os le\u00f5es golearam o Barcelona&hellip;\n","protected":false},"author":2,"featured_media":43435,"comment_status":"","ping_status":"","sticky":false,"template":"","format":"standard","meta":{"footnotes":""},"categories":[8],"tags":[27,28,15,16,14,25,26,21,22,12,13,19,20,32,23,24,33,17,18,29,30,31],"class_list":{"0":"post-43434","1":"post","2":"type-post","3":"status-publish","4":"format-standard","5":"has-post-thumbnail","7":"category-principais-noticias","8":"tag-breaking-news","9":"tag-breakingnews","10":"tag-featured-news","11":"tag-featurednews","12":"tag-headlines","13":"tag-latest-news","14":"tag-latestnews","15":"tag-main-news","16":"tag-mainnews","17":"tag-news","18":"tag-noticias","19":"tag-noticias-principais","20":"tag-noticiasprincipais","21":"tag-portugal","22":"tag-principais-noticias","23":"tag-principaisnoticias","24":"tag-pt","25":"tag-top-stories","26":"tag-topstories","27":"tag-ultimas","28":"tag-ultimas-noticias","29":"tag-ultimasnoticias"},"share_on_mastodon":{"url":"","error":""},"_links":{"self":[{"href":"https:\/\/www.europesays.com\/pt\/wp-json\/wp\/v2\/posts\/43434","targetHints":{"allow":["GET"]}}],"collection":[{"href":"https:\/\/www.europesays.com\/pt\/wp-json\/wp\/v2\/posts"}],"about":[{"href":"https:\/\/www.europesays.com\/pt\/wp-json\/wp\/v2\/types\/post"}],"author":[{"embeddable":true,"href":"https:\/\/www.europesays.com\/pt\/wp-json\/wp\/v2\/users\/2"}],"replies":[{"embeddable":true,"href":"https:\/\/www.europesays.com\/pt\/wp-json\/wp\/v2\/comments?post=43434"}],"version-history":[{"count":0,"href":"https:\/\/www.europesays.com\/pt\/wp-json\/wp\/v2\/posts\/43434\/revisions"}],"wp:featuredmedia":[{"embeddable":true,"href":"https:\/\/www.europesays.com\/pt\/wp-json\/wp\/v2\/media\/43435"}],"wp:attachment":[{"href":"https:\/\/www.europesays.com\/pt\/wp-json\/wp\/v2\/media?parent=43434"}],"wp:term":[{"taxonomy":"category","embeddable":true,"href":"https:\/\/www.europesays.com\/pt\/wp-json\/wp\/v2\/categories?post=43434"},{"taxonomy":"post_tag","embeddable":true,"href":"https:\/\/www.europesays.com\/pt\/wp-json\/wp\/v2\/tags?post=43434"}],"curies":[{"name":"wp","href":"https:\/\/api.w.org\/{rel}","templated":true}]}}