{"id":434464,"date":"2026-06-29T16:41:26","date_gmt":"2026-06-29T16:41:26","guid":{"rendered":"https:\/\/www.europesays.com\/pt\/434464\/"},"modified":"2026-06-29T16:41:26","modified_gmt":"2026-06-29T16:41:26","slug":"sporting-fecha-jovem-extremo-dupla-de-laterais-a-caminho-do-gil-vicente","status":"publish","type":"post","link":"https:\/\/www.europesays.com\/pt\/434464\/","title":{"rendered":"Sporting fecha jovem extremo, dupla de laterais a caminho do Gil Vicente"},"content":{"rendered":"<p style=\"margin-bottom:11px\">O Sporting est\u00e1 a ultimar a contrata\u00e7\u00e3o de Rodrigo Rodrigues, extremo do Gil Vicente, confirmou o <strong>Maisfutebol <\/strong>a not\u00edcia avan\u00e7ada por A Bola.<\/p>\n<p>O jovem de 18 anos, que \u00e9 natural de Lisboa e internacional sub-19 por Portugal, dever\u00e1 integrar a equipa B dos le\u00f5es.<\/p>\n<p>Rodrigo Rodrigues cumpriu as duas \u00faltimas \u00e9pocas nos gilistas, onde chegou oriundo do Estoril. Na primeira temporada, alinhou sobretudo nos juniores, mas at\u00e9 se estreou na equipa principal. J\u00e1 na \u00e9poca transata, teve destaque nos sub-23 dos barcelenses e alinhou em quatro jogos da equipa principal, sob o comando de C\u00e9sar Peixoto.<\/p>\n<p>Com Rodrigo Rodrigues perto do Sporting, dois jovens leoninos dever\u00e3o fazer o caminho inverso: o lateral-esquerdo David Moreira e o lateral-direito Jos\u00e9 Silva.<\/p>\n<p>David Moreira, de 22 anos, fez 33 jogos pelo Sporting B na II Liga na temporada passada, mas j\u00e1 se estreou na equipa principal. A contrata\u00e7\u00e3o do luso-cabo-verdiano permitiria ao Gil Vicente colmatar a vaga deixada no lado esquerdo da defesa por Ghislain Konan.<\/p>\n<p>  <img loading=\"lazy\" decoding=\"async\" alt=\"\" height=\"720\" src=\"https:\/\/www.europesays.com\/pt\/wp-content\/uploads\/2026\/06\/685420f8d34e3f0bae9f8dbc.webp\" width=\"1280\"\/> <\/p>\n<p>    David Moreira (Sporting) <\/p>\n<p>Por sua vez, Jos\u00e9 Silva, que tamb\u00e9m j\u00e1 se estreou pela equipa principal, tem 20 anos e come\u00e7ou 2025\/26 na equipa B dos le\u00f5es. No entanto, ap\u00f3s 18 jogos (dois golos e tr\u00eas assist\u00eancias), foi cedido ao Arouca, contudo, realizou apenas quatro partidas.<\/p>\n<p>O jovem sub-20 portugu\u00eas dever\u00e1 chegar ao Gil Vicente para dar concorr\u00eancia a Ricardo Esgaio, j\u00e1 anunciado como refor\u00e7o dos gilistas.<\/p>\n<p>  <img loading=\"lazy\" decoding=\"async\" alt=\"\" height=\"720\" src=\"https:\/\/www.europesays.com\/pt\/wp-content\/uploads\/2026\/06\/6632993ad34ebf9bbb3d06e7.webp\" width=\"1280\"\/> <\/p>\n<p>    Jos\u00e9 Silva (Sporting) <\/p>\n","protected":false},"excerpt":{"rendered":"O Sporting est\u00e1 a ultimar a contrata\u00e7\u00e3o de Rodrigo Rodrigues, extremo do Gil Vicente, confirmou o Maisfutebol a&hellip;\n","protected":false},"author":2,"featured_media":434465,"comment_status":"","ping_status":"","sticky":false,"template":"","format":"standard","meta":{"footnotes":"","_share_on_mastodon":"0"},"categories":[87],"tags":[40442,135,9112,52140,36,46,40,42,41,728,32,33,47,70150,34,134,35],"class_list":["post-434464","post","type-post","status-publish","format-standard","has-post-thumbnail","category-desporto","tag-david-moreira","tag-desporto","tag-gil-vicente","tag-jose-silva","tag-liga","tag-maisfutebol","tag-maistransferencias","tag-mercado","tag-mercado-de-transferencias","tag-mercado-sporting","tag-portugal","tag-pt","tag-pura-paixao","tag-rodrigo-rodrigues","tag-sporting","tag-sports","tag-transferencias"],"share_on_mastodon":{"url":"https:\/\/pubeurope.com\/@pt\/116834395253411884","error":""},"_links":{"self":[{"href":"https:\/\/www.europesays.com\/pt\/wp-json\/wp\/v2\/posts\/434464","targetHints":{"allow":["GET"]}}],"collection":[{"href":"https:\/\/www.europesays.com\/pt\/wp-json\/wp\/v2\/posts"}],"about":[{"href":"https:\/\/www.europesays.com\/pt\/wp-json\/wp\/v2\/types\/post"}],"author":[{"embeddable":true,"href":"https:\/\/www.europesays.com\/pt\/wp-json\/wp\/v2\/users\/2"}],"replies":[{"embeddable":true,"href":"https:\/\/www.europesays.com\/pt\/wp-json\/wp\/v2\/comments?post=434464"}],"version-history":[{"count":0,"href":"https:\/\/www.europesays.com\/pt\/wp-json\/wp\/v2\/posts\/434464\/revisions"}],"wp:featuredmedia":[{"embeddable":true,"href":"https:\/\/www.europesays.com\/pt\/wp-json\/wp\/v2\/media\/434465"}],"wp:attachment":[{"href":"https:\/\/www.europesays.com\/pt\/wp-json\/wp\/v2\/media?parent=434464"}],"wp:term":[{"taxonomy":"category","embeddable":true,"href":"https:\/\/www.europesays.com\/pt\/wp-json\/wp\/v2\/categories?post=434464"},{"taxonomy":"post_tag","embeddable":true,"href":"https:\/\/www.europesays.com\/pt\/wp-json\/wp\/v2\/tags?post=434464"}],"curies":[{"name":"wp","href":"https:\/\/api.w.org\/{rel}","templated":true}]}}