{"id":43461,"date":"2025-08-24T21:39:08","date_gmt":"2025-08-24T21:39:08","guid":{"rendered":"https:\/\/www.europesays.com\/pt\/43461\/"},"modified":"2025-08-24T21:39:08","modified_gmt":"2025-08-24T21:39:08","slug":"sporting-union-berlim-interessado-em-st-juste","status":"publish","type":"post","link":"https:\/\/www.europesays.com\/pt\/43461\/","title":{"rendered":"Sporting: Union Berlim interessado em St. Juste"},"content":{"rendered":"<p>O Union Berlim entrou na corrida por St. Juste.<\/p>\n<p>O clube alem\u00e3o, no qual j\u00e1 atua o portugu\u00eas Diogo Leite, procura um central e nesse sentido falou com o empres\u00e1rio do jogador, que transmitiu essa mesma informa\u00e7\u00e3o aos respons\u00e1veis leoninos.<\/p>\n<p>Nesta altura n\u00e3o h\u00e1 ainda uma proposta, mas h\u00e1, da parte do empres\u00e1rio, a garantia que o Union Berlim vai apresent\u00e1-la em breve.<\/p>\n<p>Recorde-se que St. Juste j\u00e1 <strong><a href=\"https:\/\/maisfutebol.iol.pt\/sporting\/st-juste\/sporting-e-osasuna-em-negociacoes-por-st-juste\" rel=\"nofollow noopener\" target=\"_blank\">esteve muito do Osasuna<\/a><\/strong>, clube com o qual o Sporting fechou acordo para a transfer\u00eancia, mas <strong><a href=\"https:\/\/maisfutebol.iol.pt\/sporting\/liga\/sporting-transferencia-de-st-juste-para-o-osasuna-complica-se\" rel=\"nofollow noopener\" target=\"_blank\">diverg\u00eancias no acordo entre os espanh\u00f3is e o jogador<\/a><\/strong> inviabilizaram o neg\u00f3cio.<\/p>\n<p>O Osasuna continua interessado e ter\u00e1 agora a concorr\u00eancia do Union Berlim.<\/p>\n","protected":false},"excerpt":{"rendered":"O Union Berlim entrou na corrida por St. Juste. O clube alem\u00e3o, no qual j\u00e1 atua o portugu\u00eas&hellip;\n","protected":false},"author":2,"featured_media":39263,"comment_status":"","ping_status":"","sticky":false,"template":"","format":"standard","meta":{"footnotes":""},"categories":[87],"tags":[135,9011,46,40,42,41,9539,32,33,47,34,134,5716,35,13280],"class_list":{"0":"post-43461","1":"post","2":"type-post","3":"status-publish","4":"format-standard","5":"has-post-thumbnail","7":"category-desporto","8":"tag-desporto","9":"tag-jeremiah-st-juste","10":"tag-maisfutebol","11":"tag-maistransferencias","12":"tag-mercado","13":"tag-mercado-de-transferencias","14":"tag-osasuna","15":"tag-portugal","16":"tag-pt","17":"tag-pura-paixao","18":"tag-sporting","19":"tag-sports","20":"tag-st-juste","21":"tag-transferencias","22":"tag-union-berlim"},"share_on_mastodon":{"url":"","error":""},"_links":{"self":[{"href":"https:\/\/www.europesays.com\/pt\/wp-json\/wp\/v2\/posts\/43461","targetHints":{"allow":["GET"]}}],"collection":[{"href":"https:\/\/www.europesays.com\/pt\/wp-json\/wp\/v2\/posts"}],"about":[{"href":"https:\/\/www.europesays.com\/pt\/wp-json\/wp\/v2\/types\/post"}],"author":[{"embeddable":true,"href":"https:\/\/www.europesays.com\/pt\/wp-json\/wp\/v2\/users\/2"}],"replies":[{"embeddable":true,"href":"https:\/\/www.europesays.com\/pt\/wp-json\/wp\/v2\/comments?post=43461"}],"version-history":[{"count":0,"href":"https:\/\/www.europesays.com\/pt\/wp-json\/wp\/v2\/posts\/43461\/revisions"}],"wp:featuredmedia":[{"embeddable":true,"href":"https:\/\/www.europesays.com\/pt\/wp-json\/wp\/v2\/media\/39263"}],"wp:attachment":[{"href":"https:\/\/www.europesays.com\/pt\/wp-json\/wp\/v2\/media?parent=43461"}],"wp:term":[{"taxonomy":"category","embeddable":true,"href":"https:\/\/www.europesays.com\/pt\/wp-json\/wp\/v2\/categories?post=43461"},{"taxonomy":"post_tag","embeddable":true,"href":"https:\/\/www.europesays.com\/pt\/wp-json\/wp\/v2\/tags?post=43461"}],"curies":[{"name":"wp","href":"https:\/\/api.w.org\/{rel}","templated":true}]}}