{"id":434728,"date":"2026-06-29T20:59:18","date_gmt":"2026-06-29T20:59:18","guid":{"rendered":"https:\/\/www.europesays.com\/pt\/434728\/"},"modified":"2026-06-29T20:59:18","modified_gmt":"2026-06-29T20:59:18","slug":"como-uma-saida-a-noite-acabou-com-uma-jovem-de-17-anos-morta-dentro-de-uma-mala-num-destino-turistico-da-tailandia","status":"publish","type":"post","link":"https:\/\/www.europesays.com\/pt\/434728\/","title":{"rendered":"Como uma sa\u00edda \u00e0 noite acabou com uma jovem de 17 anos morta dentro de uma mala num destino tur\u00edstico da Tail\u00e2ndia"},"content":{"rendered":"<p>                Suspeito \u00e9 um cidad\u00e3o australiano que arrisca at\u00e9 \u00e0 pena de morte por ter estrangulado a v\u00edtima<\/p>\n<p style=\"margin-bottom:11px\">Uma adolescente de 17 anos estava a passear junto \u00e0 praia de Pattaya, na Tail\u00e2ndia, quando conheceu um homem estrangeiro e come\u00e7ou a conversar com ele. Horas depois foi estrangulada at\u00e9 \u00e0 morte, num crime que est\u00e1 a chocar a comunidade local.<\/p>\n<p>Tudo aconteceu na madrugada da \u00faltima quinta-feira, com o homem um cidad\u00e3o australiano entretanto detido, conseguiu convencer a jovem a ir at\u00e9 ao seu apartamento na cidade.<\/p>\n<p>Nunca mais se ouviu falar da rapariga at\u00e9 que a pol\u00edcia encontrou o seu corpo totalmente despido dentro de uma mala deixada no meio de uma zona erva-alta junto a uma linha de comboio perto da praia.<\/p>\n<p>Quase em simult\u00e2neo, as autoridades encontraram o corpo e impediram o suspeito de sair do pa\u00eds. A mala foi avistada nas primeiras horas de s\u00e1bado, quando o homem se preparava para deixar a Tail\u00e2ndia, estando j\u00e1 no aeroporto de Banguecoque.<\/p>\n<p>O suspeito foi identificado como Simon Peter Carman e est\u00e1 j\u00e1 acusado de homic\u00eddio qualificado, profana\u00e7\u00e3o de cad\u00e1ver e rapto de menor, entre outros crimes. De acordo com a ag\u00eancia Reuters, a natureza aparentemente s\u00e1dica do crime dever\u00e1 pesar no julgamento.<\/p>\n<p>Caso seja condenado, o cidad\u00e3o australiano pode mesmo ser condenado \u00e0 pena de morte ou a pris\u00e3o perp\u00e9tua, ainda que uma senten\u00e7a de 20 anos tamb\u00e9m esteja em cima da mesa, dependendo da forma como o caso evoluir.<\/p>\n<p>O superintendente da pol\u00edcia de Pattaya, o coronel Anek Srathongyoo, referiu \u00e0 ag\u00eancia Reuters que o suspeito admitiu o crime, mas garantiu que n\u00e3o o fez de forma intencional. \u201cEle disse que n\u00e3o a queria matar, mas admitiu que a estrangulou, causando a morte dela\u201d, referiu o respons\u00e1vel.<\/p>\n<p>\u201cEle disse que os dois tiveram uma discuss\u00e3o e que, durante a alterca\u00e7\u00e3o, estrangulou a mulher\u201d, acrescentou Anek Srathongyoo.<\/p>\n<p>As autoridades perceberam que algo se passava quando um amigo da v\u00edtima chegou \u00e0 pol\u00edcia a denunciar o desaparecimento, referindo tamb\u00e9m que a jovem tinha sido vista com um homem estrangeiro.<\/p>\n<p>Nessa altura \u201ctudo o que se sabia era que o homem a levou para um condom\u00ednio\u201d, referiu a pol\u00edcia, que recorreu \u00e0s imagens de videovigil\u00e2ncia para tentar perceber o que tinha acontecido.<\/p>\n<p>Acabaram por encontrar o quarto em quest\u00e3o, onde ainda estava o passaporte do suspeito, mas n\u00e3o conseguiram seguir o rasto de Simon Peter Carman ou da v\u00edtima.<\/p>\n<p>As imagens dispon\u00edveis, que j\u00e1 foram divulgadas pela pol\u00edcia, mostram uma jovem de cal\u00e7as de ganga e um homem mais alto de cal\u00e7\u00f5es e t-shirt sem mangas a andar at\u00e9 um elevador por volta das 03:35 locais.<\/p>\n<p>\u201cEles conversaram, decidiram continuar a estar juntos e mais tarde regressaram ao condom\u00ednio\u201d, indicou o superintendente da pol\u00edcia de Pattaya.<\/p>\n<p>S\u00f3 depois houve a tal discuss\u00e3o, segundo Simon Peter Carman, em que tudo se descontrolou, levando \u00e0 morte da jovem. O suspeito acabou por seconder o corpo numa mala, mantendo-a no apartamento por um per\u00edodo, mas acabando por lev\u00e1-la para o local onde foi encontrada.<\/p>\n<p>Um outro v\u00eddeo mostra o mesmo homem, com roupas semelhantes, a levar uma grande mala preta para fora do apartamento.<\/p>\n<p>O caso est\u00e1 a chocar a Tail\u00e2ndia e aguarda-se agora para saber a senten\u00e7a do cidad\u00e3o australiano.<\/p>\n","protected":false},"excerpt":{"rendered":"Suspeito \u00e9 um cidad\u00e3o australiano que arrisca at\u00e9 \u00e0 pena de morte por ter estrangulado a v\u00edtima Uma&hellip;\n","protected":false},"author":2,"featured_media":434729,"comment_status":"","ping_status":"","sticky":false,"template":"","format":"standard","meta":{"footnotes":"","_share_on_mastodon":"0"},"categories":[50],"tags":[609,836,611,27,28,607,608,333,832,604,135,610,476,15,16,301,830,14,603,25,26,570,21,22,831,833,62,834,12,13,19,20,835,602,70322,52,32,23,24,927,17,18,29,30,31,63,64,65],"class_list":["post-434728","post","type-post","status-publish","format-standard","has-post-thumbnail","category-mundo","tag-alerta","tag-analise","tag-ao-minuto","tag-breaking-news","tag-breakingnews","tag-cnn","tag-cnn-portugal","tag-comentadores","tag-costa","tag-crime","tag-desporto","tag-direto","tag-economia","tag-featured-news","tag-featurednews","tag-governo","tag-guerra","tag-headlines","tag-justica","tag-latest-news","tag-latestnews","tag-live","tag-main-news","tag-mainnews","tag-mais-vistas","tag-marcelo","tag-mundo","tag-negocios","tag-news","tag-noticias","tag-noticias-principais","tag-noticiasprincipais","tag-opiniao","tag-pais","tag-pattaya","tag-politica","tag-portugal","tag-principais-noticias","tag-principaisnoticias","tag-tailandia","tag-top-stories","tag-topstories","tag-ultimas","tag-ultimas-noticias","tag-ultimasnoticias","tag-world","tag-world-news","tag-worldnews"],"share_on_mastodon":{"url":"","error":"Validation failed: Text character limit of 500 exceeded"},"_links":{"self":[{"href":"https:\/\/www.europesays.com\/pt\/wp-json\/wp\/v2\/posts\/434728","targetHints":{"allow":["GET"]}}],"collection":[{"href":"https:\/\/www.europesays.com\/pt\/wp-json\/wp\/v2\/posts"}],"about":[{"href":"https:\/\/www.europesays.com\/pt\/wp-json\/wp\/v2\/types\/post"}],"author":[{"embeddable":true,"href":"https:\/\/www.europesays.com\/pt\/wp-json\/wp\/v2\/users\/2"}],"replies":[{"embeddable":true,"href":"https:\/\/www.europesays.com\/pt\/wp-json\/wp\/v2\/comments?post=434728"}],"version-history":[{"count":0,"href":"https:\/\/www.europesays.com\/pt\/wp-json\/wp\/v2\/posts\/434728\/revisions"}],"wp:featuredmedia":[{"embeddable":true,"href":"https:\/\/www.europesays.com\/pt\/wp-json\/wp\/v2\/media\/434729"}],"wp:attachment":[{"href":"https:\/\/www.europesays.com\/pt\/wp-json\/wp\/v2\/media?parent=434728"}],"wp:term":[{"taxonomy":"category","embeddable":true,"href":"https:\/\/www.europesays.com\/pt\/wp-json\/wp\/v2\/categories?post=434728"},{"taxonomy":"post_tag","embeddable":true,"href":"https:\/\/www.europesays.com\/pt\/wp-json\/wp\/v2\/tags?post=434728"}],"curies":[{"name":"wp","href":"https:\/\/api.w.org\/{rel}","templated":true}]}}