{"id":43492,"date":"2025-08-24T21:58:07","date_gmt":"2025-08-24T21:58:07","guid":{"rendered":"https:\/\/www.europesays.com\/pt\/43492\/"},"modified":"2025-08-24T21:58:07","modified_gmt":"2025-08-24T21:58:07","slug":"saiu-pior-que-a-encomenda-correios-europeus-suspendem-envios-para-os-eua-estados-unidos","status":"publish","type":"post","link":"https:\/\/www.europesays.com\/pt\/43492\/","title":{"rendered":"Saiu pior que a encomenda. Correios europeus suspendem envios para os EUA | Estados Unidos"},"content":{"rendered":"<p>V\u00e1rias empresas de correios da Europa decidiram suspender o envio de encomendas para os Estados Unidos depois de o Governo norte-americano ter anunciado que vai come\u00e7ar a cobrar taxas aduaneiras para todas as encomendas que entram no pa\u00eds. Justificando-se com o facto de terem pouco tempo para instalar os processos de cobran\u00e7a das taxas e de falta de informa\u00e7\u00e3o sobre as novas taxas, as empresas resolveram deixar de enviar encomendas por agora.<\/p>\n<p>At\u00e9 aqui as pequenas encomendas de valor abaixo de 800 d\u00f3lares (682,50 euros) beneficiavam da isen\u00e7\u00e3o de taxas aduaneiras ao entrar nos Estados Unidos, segundo o princ\u00edpio de de minimis non curat lex (a lei n\u00e3o se ocupa de coisas m\u00ednimas). A Administra\u00e7\u00e3o Trump anunciou que mudar\u00e1 isso a partir de 29 de Agosto, tendo sido dadas ordens aos Servi\u00e7os Aduaneiros dos EUA para come\u00e7arem a cobrar \u201ctodas as taxas aplic\u00e1veis\u201d nas encomendas de baixo valor.<\/p>\n<p>\u201cOs pormenores relativos a esta mat\u00e9ria ainda n\u00e3o foram esclarecidos pelas autoridades alfandeg\u00e1rias dos EUA e n\u00e3o foram desenvolvidas solu\u00e7\u00f5es inform\u00e1ticas que as empresas de correio possam utilizar\u201d, justificou a empresa p\u00fablica de correios norueguesa Posten Bring. \u201cOs servi\u00e7os postais europeus t\u00eam um prazo extremamente curto para se prepararem, especialmente porque estes procedimentos ainda exigem in\u00fameros esclarecimentos\u201d, afirmou, em comunicado, a empresa de correio francesa LaPoste.<\/p>\n<p>O sector das encomendas online, que deu um salto gigantesco durante a pandemia de covid-19, fez aumentar o n\u00famero de pequenos volumes a entrar nos EUA de 134 milh\u00f5es em 2015 para mais de 1,36 mil milh\u00f5es o ano passado, de acordo com os n\u00fameros divulgados pela Casa Branca. E ajudou plataformas de com\u00e9rcio digital como as chinesas Shein e a Temu a transformarem-se em gigantes do com\u00e9rcio mundial: a Shein teve um volume de neg\u00f3cios de 38 mil milh\u00f5es de d\u00f3lares (32,4 mil milh\u00f5es de euros) o ano passado, enquanto a Temu chegou aos 70,8 mil milh\u00f5es de d\u00f3lares (60,4 mil milh\u00f5es de d\u00f3lares).<\/p>\n<p>        &#13;<\/p>\n<p>&#13;<br \/>\n                &#13;\n            <\/p>\n<p>&#13;<\/p>\n<p>\u201cEsta medida ter\u00e1 um impacto significativo em todas as empresas de correio a n\u00edvel mundial, bem como nos seus clientes que enviam remessas atrav\u00e9s das redes postais para o Servi\u00e7o Postal dos Estados Unidos\u201d, disse a PostEurop, a associa\u00e7\u00e3o que representa os servi\u00e7os postais europeus, citada pelo Financial Times.<\/p>\n<p>A empresa de correios p\u00fablica austr\u00edaca, na quinta-feira, e a alem\u00e3 DHL, que det\u00e9m a Deutsche Post, esta sexta-feira, foram das \u00faltimas a juntar-se a esta suspens\u00e3o de servi\u00e7os por parte dos correios europeus. Os correios brit\u00e2nicos (Royal Mail) v\u00e3o suspender o servi\u00e7o de encomendas para os EUA a partir desta ter\u00e7a-feira.<\/p>\n<p>\u201cA raz\u00e3o para as restri\u00e7\u00f5es, que esperamos sejam tempor\u00e1rias, s\u00e3o os novos processos de entrega postal implementados pelas autoridades norte-americanas\u201d, afirmou a DHL em comunicado. \u201cQuest\u00f5es importantes ainda n\u00e3o foram respondidas, incluindo quem ter\u00e1 de pagar as tarifas e de que forma.\u201d<\/p>\n<p>A 15 de Agosto, as autoridades norte-americanas esclareceram que a partir do dia 29, todas as encomendas sem excep\u00e7\u00e3o enviadas para os EUA ter\u00e3o de pagar a taxa alfandeg\u00e1ria imposta \u00e0s importa\u00e7\u00f5es do pa\u00eds de onde a encomenda foi enviada.<\/p>\n<p>A decis\u00e3o estende-se a outros servi\u00e7os postais no resto do mundo. Os correios da Coreia do Sul informaram que deixar\u00e3o de aceitar encomendas, os de Singapura suspenderam os servi\u00e7os a partir desta segunda-feira at\u00e9 ao dia 29, enquanto os australianos v\u00e3o deixar de fazer o \u201ctr\u00e2nsito\u201d de correspond\u00eancia de outros pa\u00edses com destino aos EUA.<\/p>\n","protected":false},"excerpt":{"rendered":"V\u00e1rias empresas de correios da Europa decidiram suspender o envio de encomendas para os Estados Unidos depois de&hellip;\n","protected":false},"author":2,"featured_media":43493,"comment_status":"","ping_status":"","sticky":false,"template":"","format":"standard","meta":{"footnotes":""},"categories":[50],"tags":[27,28,1559,235,445,15,16,14,25,26,21,22,62,12,13,19,20,23,24,17,18,29,30,31,63,64,65],"class_list":{"0":"post-43492","1":"post","2":"type-post","3":"status-publish","4":"format-standard","5":"has-post-thumbnail","7":"category-mundo","8":"tag-breaking-news","9":"tag-breakingnews","10":"tag-correios","11":"tag-estados-unidos","12":"tag-europa","13":"tag-featured-news","14":"tag-featurednews","15":"tag-headlines","16":"tag-latest-news","17":"tag-latestnews","18":"tag-main-news","19":"tag-mainnews","20":"tag-mundo","21":"tag-news","22":"tag-noticias","23":"tag-noticias-principais","24":"tag-noticiasprincipais","25":"tag-principais-noticias","26":"tag-principaisnoticias","27":"tag-top-stories","28":"tag-topstories","29":"tag-ultimas","30":"tag-ultimas-noticias","31":"tag-ultimasnoticias","32":"tag-world","33":"tag-world-news","34":"tag-worldnews"},"share_on_mastodon":{"url":"","error":""},"_links":{"self":[{"href":"https:\/\/www.europesays.com\/pt\/wp-json\/wp\/v2\/posts\/43492","targetHints":{"allow":["GET"]}}],"collection":[{"href":"https:\/\/www.europesays.com\/pt\/wp-json\/wp\/v2\/posts"}],"about":[{"href":"https:\/\/www.europesays.com\/pt\/wp-json\/wp\/v2\/types\/post"}],"author":[{"embeddable":true,"href":"https:\/\/www.europesays.com\/pt\/wp-json\/wp\/v2\/users\/2"}],"replies":[{"embeddable":true,"href":"https:\/\/www.europesays.com\/pt\/wp-json\/wp\/v2\/comments?post=43492"}],"version-history":[{"count":0,"href":"https:\/\/www.europesays.com\/pt\/wp-json\/wp\/v2\/posts\/43492\/revisions"}],"wp:featuredmedia":[{"embeddable":true,"href":"https:\/\/www.europesays.com\/pt\/wp-json\/wp\/v2\/media\/43493"}],"wp:attachment":[{"href":"https:\/\/www.europesays.com\/pt\/wp-json\/wp\/v2\/media?parent=43492"}],"wp:term":[{"taxonomy":"category","embeddable":true,"href":"https:\/\/www.europesays.com\/pt\/wp-json\/wp\/v2\/categories?post=43492"},{"taxonomy":"post_tag","embeddable":true,"href":"https:\/\/www.europesays.com\/pt\/wp-json\/wp\/v2\/tags?post=43492"}],"curies":[{"name":"wp","href":"https:\/\/api.w.org\/{rel}","templated":true}]}}