{"id":434931,"date":"2026-06-30T00:31:42","date_gmt":"2026-06-30T00:31:42","guid":{"rendered":"https:\/\/www.europesays.com\/pt\/434931\/"},"modified":"2026-06-30T00:31:42","modified_gmt":"2026-06-30T00:31:42","slug":"livemode-falhou-o-prazo-de-72-horas-erc-vai-avancar-com-processo-de-contraordenacao","status":"publish","type":"post","link":"https:\/\/www.europesays.com\/pt\/434931\/","title":{"rendered":"LiveMode falhou o prazo de 72 horas, ERC vai avan\u00e7ar com processo de contraordena\u00e7\u00e3o"},"content":{"rendered":"<p>                Entidade Reguladora para a Comunica\u00e7\u00e3o Social entende que a plataforma n\u00e3o apresentou os elementos legalmente exigidos<\/p>\n<p>O Conselho Regulador da ERC deliberou esta segunda-feira proceder \u00e0 instaura\u00e7\u00e3o de um processo de contraordena\u00e7\u00e3o \u00e0 plataforma LiveMode por esta, decorrido o prazo de 72 horas, n\u00e3o ter apresentado os elementos legalmente exigidos junto da entidade.<\/p>\n<p>Contactada pela Lusa, fonte oficial da Entidade Reguladora para a Comunica\u00e7\u00e3o Social (ERC) adiantou que o Conselho Regulador, em reuni\u00e3o extraordin\u00e1ria realizada esta segunda-feira, &#8220;deliberou, por maioria, dar integral cumprimento \u00e0 delibera\u00e7\u00e3o ERC\/2026\/169 (AUT-TV), aprovada em 22 de junho, uma vez que, decorrido o prazo de 72 horas concedido \u00e0 Livemode, Unipessoal, Lda., n\u00e3o foram apresentados os elementos legalmente exigidos para efeitos de comunica\u00e7\u00e3o e registo junto da ERC como servi\u00e7o audiovisual a pedido&#8221;.<\/p>\n<p>Na mesma reuni\u00e3o, &#8220;a ERC indeferiu o requerimento apresentado pela LiveMode, em 24 de junho, atrav\u00e9s do qual esta solicitava a concess\u00e3o de um prazo adicional de 10 dias para o exerc\u00edcio do direito de audi\u00eancia pr\u00e9via relativamente \u00e0 delibera\u00e7\u00e3o ERC\/2026\/169 (AUT-TV)&#8221;.<\/p>\n<p>Face a isto, &#8220;a ERC proceder\u00e1 \u00e0 instaura\u00e7\u00e3o do competente processo de contraordena\u00e7\u00e3o por incumprimento das obriga\u00e7\u00f5es legais de comunica\u00e7\u00e3o e de registo, previstas na Lei da Televis\u00e3o e dos Servi\u00e7os Audiovisuais a Pedido e no Decreto Regulamentar n.\u00ba 8\/99, de 9 de junho, bem como \u00e0 comunica\u00e7\u00e3o da situa\u00e7\u00e3o ao regulador irland\u00eas \u2014 autoridade reguladora competente do Estado-membro sob cuja jurisdi\u00e7\u00e3o se encontra estabelecida a plataforma de distribui\u00e7\u00e3o YouTube \u2014 e ao Coordenador Nacional dos Servi\u00e7os Digitais&#8221;.<\/p>\n<p>O Conselho Regulador considerou que neste caso n\u00e3o se impunha a realiza\u00e7\u00e3o de audi\u00eancia de interessados previamente \u00e0 ado\u00e7\u00e3o da delibera\u00e7\u00e3o, at\u00e9 porque estava em aprecia\u00e7\u00e3o o cumprimento de obriga\u00e7\u00f5es legais de comunica\u00e7\u00e3o e registo que s\u00e3o exigidas por lei para o exerc\u00edcio da atividade em causa.<\/p>\n<p>Al\u00e9m de que, tendo em conta a especificidade do projeto &#8211; a LiveMode informou em 19 de junho ter procedido a uma reestrutura\u00e7\u00e3o do projeto, da qual resultou a concentra\u00e7\u00e3o da atividade numa &#8220;opera\u00e7\u00e3o digital, tempor\u00e1ria e associada a conte\u00fados desportivos e de entretenimento, durante o Mundial&#8221; &#8211; e a natureza limitada no tempo, dependente deste evento de futebol, tal impunha uma resposta regulat\u00f3ria c\u00e9lere, sob pena da decis\u00e3o n\u00e3o ter qualquer efeito.<\/p>\n<p>A plataforma LiveModeTV, que transmite jogos de futebol do Mundial2026 em Portugal, pediu esta segunda-feira o registo na Entidade Reguladora para a Comunica\u00e7\u00e3o Social (ERC) enquanto servi\u00e7o audiovisual a pedido (&#8216;streaming&#8217;), conforme exigido, apesar de continuar a opor-se \u00e0 classifica\u00e7\u00e3o atribu\u00edda pelo regulador.<\/p>\n<p>&#8220;N\u00e3o tendo tido oportunidade de se pronunciar sobre este novo enquadramento, a LiveModeTV invocou o direito de audi\u00eancia pr\u00e9via para apresentar os seus argumentos, como decorre do C\u00f3digo do Procedimento Administrativo&#8221;, afirma a plataforma. \u00a0<\/p>\n<p>&#8220;A LiveModeTV ir\u00e1 agora apresentar a documenta\u00e7\u00e3o detalhada \u00e0 ERC sobre o modelo atual do seu projeto, demonstrando que a sua atividade n\u00e3o se enquadra na categoria de servi\u00e7o audiovisual a pedido. A empresa f\u00e1-lo confiante de que, tal como aconteceu com a classifica\u00e7\u00e3o como servi\u00e7o de televis\u00e3o web, a an\u00e1lise destes elementos levar\u00e1 a ERC a concluir que a LiveModeTV n\u00e3o se enquadra nessa categoria&#8221;, adianta.<\/p>\n<p>A LiveModeTV Portugal \u00e9 propriedade da empresa LiveMode Portugal, Unipessoal, Lda.<\/p>\n<p>Em Portugal, o projeto destaca-se por transmitir, em direto, 34 jogos do Mundial, um por dia, incluindo jogos da Sele\u00e7\u00e3o Nacional, em acesso gratuito, tendo o in\u00edcio da atividade cerca de 6 meses, coincidente com o primeiro v\u00eddeo disponibilizado na plataforma YouTube.<\/p>\n","protected":false},"excerpt":{"rendered":"Entidade Reguladora para a Comunica\u00e7\u00e3o Social entende que a plataforma n\u00e3o apresentou os elementos legalmente exigidos O Conselho&hellip;\n","protected":false},"author":2,"featured_media":434932,"comment_status":"","ping_status":"","sticky":false,"template":"","format":"standard","meta":{"footnotes":"","_share_on_mastodon":"0"},"categories":[142],"tags":[114,115,789,68856,12632,32,33,151],"class_list":["post-434931","post","type-post","status-publish","format-standard","has-post-thumbnail","category-tv","tag-entertainment","tag-entretenimento","tag-erc","tag-livemodetv","tag-mundial-2026","tag-portugal","tag-pt","tag-tv"],"share_on_mastodon":{"url":"https:\/\/pubeurope.com\/@pt\/116836243103370670","error":""},"_links":{"self":[{"href":"https:\/\/www.europesays.com\/pt\/wp-json\/wp\/v2\/posts\/434931","targetHints":{"allow":["GET"]}}],"collection":[{"href":"https:\/\/www.europesays.com\/pt\/wp-json\/wp\/v2\/posts"}],"about":[{"href":"https:\/\/www.europesays.com\/pt\/wp-json\/wp\/v2\/types\/post"}],"author":[{"embeddable":true,"href":"https:\/\/www.europesays.com\/pt\/wp-json\/wp\/v2\/users\/2"}],"replies":[{"embeddable":true,"href":"https:\/\/www.europesays.com\/pt\/wp-json\/wp\/v2\/comments?post=434931"}],"version-history":[{"count":0,"href":"https:\/\/www.europesays.com\/pt\/wp-json\/wp\/v2\/posts\/434931\/revisions"}],"wp:featuredmedia":[{"embeddable":true,"href":"https:\/\/www.europesays.com\/pt\/wp-json\/wp\/v2\/media\/434932"}],"wp:attachment":[{"href":"https:\/\/www.europesays.com\/pt\/wp-json\/wp\/v2\/media?parent=434931"}],"wp:term":[{"taxonomy":"category","embeddable":true,"href":"https:\/\/www.europesays.com\/pt\/wp-json\/wp\/v2\/categories?post=434931"},{"taxonomy":"post_tag","embeddable":true,"href":"https:\/\/www.europesays.com\/pt\/wp-json\/wp\/v2\/tags?post=434931"}],"curies":[{"name":"wp","href":"https:\/\/api.w.org\/{rel}","templated":true}]}}