{"id":43496,"date":"2025-08-24T22:00:26","date_gmt":"2025-08-24T22:00:26","guid":{"rendered":"https:\/\/www.europesays.com\/pt\/43496\/"},"modified":"2025-08-24T22:00:26","modified_gmt":"2025-08-24T22:00:26","slug":"mercado-sporting-as-exigencias-que-afastaram-harder-do-rennes","status":"publish","type":"post","link":"https:\/\/www.europesays.com\/pt\/43496\/","title":{"rendered":"Mercado Sporting: as exig\u00eancias que afastaram Harder do Rennes"},"content":{"rendered":"<p><a class=\"autolink-enabled\" data-resource-id=\"279751\" data-resource-type=\"player\" data-sport=\"football\" href=\"https:\/\/www.abola.pt\/futebol\/jogador\/conrad-harder-279751\" rel=\"nofollow noopener\" target=\"_blank\">Conrad Harder<\/a> queria o <a class=\"autolink-enabled\" data-resource-id=\"297\" data-resource-type=\"team\" data-sport=\"football\" href=\"https:\/\/www.abola.pt\/futebol\/rennes-297\" rel=\"nofollow noopener\" target=\"_blank\">Rennes<\/a> e j\u00e1 tinha acertado um contrato at\u00e9 2030, o clube franc\u00eas ainda n\u00e3o tinha chegado aos 25 milh\u00f5es pretendidos pelo <a class=\"autolink-enabled\" data-resource-id=\"448\" data-resource-type=\"team\" data-sport=\"football\" href=\"https:\/\/www.abola.pt\/futebol\/sporting-448\" rel=\"nofollow noopener\" target=\"_blank\">Sporting<\/a> (a \u00faltima proposta formal foi de 22) mas j\u00e1 fizera saber que estava disposto a atingir esse valor, afinal o que impediu que o dinamarqu\u00eas rumasse \u00e0 <a class=\"autolink-enabled\" data-resource-id=\"8\" data-resource-type=\"competition\" data-sport=\"football\" href=\"https:\/\/www.abola.pt\/futebol\/competicao\/ligue-1-8\" rel=\"nofollow noopener\" target=\"_blank\">Ligue 1<\/a>?<\/p>\n<p>Segundo informa\u00e7\u00e3o do jornal Ouest-France, confirmada por A BOLA junto de fonte em Fran\u00e7a pr\u00f3xima da negocia\u00e7\u00e3o, foram as exig\u00eancias milion\u00e1rias do empres\u00e1rio de Harder, recusadas pelo Rennes, que impediram a concretiza\u00e7\u00e3o de um neg\u00f3cio que todos acreditavam que iria finalizar-se.<\/p>\n<p>Mesmo assim, este domingo de manh\u00e3, pouco antes do jogo com o Lorient, os respons\u00e1veis do Rennes acreditavam ainda que Harder seria mesmo refor\u00e7o.<\/p>\n<p>\u00c0 mesma hora, o empres\u00e1rio do avan\u00e7ado reunia-se em Mil\u00e3o com Igli Tare, diretor desportivo do <a target=\"_blank\" class=\"editor-link autolink-enabled\" href=\"https:\/\/www.abola.pt\/futebol\/milan-245\" data-resource-id=\"245\" data-resource-type=\"team\" data-sport=\"football\" rel=\"nofollow noopener\">Milan<\/a>, e abria a porta para um volte-face que apanhou quase toda a gente de surpresa, porque Harder, com receio de ter pouco tempo de jogo nos rossoneri, manifestara prefer\u00eancia clara pelo Rennes. Mas, salvo surpresa de \u00faltima hora, o ex-suplente de <a target=\"_blank\" class=\"editor-link autolink-enabled\" href=\"https:\/\/www.abola.pt\/futebol\/jogador\/viktor-gyokeres-81190\" data-resource-id=\"81190\" data-resource-type=\"player\" data-sport=\"football\" rel=\"nofollow noopener\">Gyokeres<\/a> vai mesmo lutar pela titularidade em San Siro com <a target=\"_blank\" class=\"editor-link autolink-enabled\" href=\"https:\/\/www.abola.pt\/futebol\/jogador\/santiago-gimenez-197210\" data-resource-id=\"197210\" data-resource-type=\"player\" data-sport=\"football\" rel=\"nofollow noopener\">Santiago Gim\u00e9nez<\/a> e eventualmente outro avan\u00e7ado.<\/p>\n","protected":false},"excerpt":{"rendered":"Conrad Harder queria o Rennes e j\u00e1 tinha acertado um contrato at\u00e9 2030, o clube franc\u00eas ainda n\u00e3o&hellip;\n","protected":false},"author":2,"featured_media":43497,"comment_status":"","ping_status":"","sticky":false,"template":"","format":"standard","meta":{"footnotes":""},"categories":[8],"tags":[27,28,15,16,14,25,26,21,22,12,13,19,20,32,23,24,33,17,18,29,30,31],"class_list":{"0":"post-43496","1":"post","2":"type-post","3":"status-publish","4":"format-standard","5":"has-post-thumbnail","7":"category-principais-noticias","8":"tag-breaking-news","9":"tag-breakingnews","10":"tag-featured-news","11":"tag-featurednews","12":"tag-headlines","13":"tag-latest-news","14":"tag-latestnews","15":"tag-main-news","16":"tag-mainnews","17":"tag-news","18":"tag-noticias","19":"tag-noticias-principais","20":"tag-noticiasprincipais","21":"tag-portugal","22":"tag-principais-noticias","23":"tag-principaisnoticias","24":"tag-pt","25":"tag-top-stories","26":"tag-topstories","27":"tag-ultimas","28":"tag-ultimas-noticias","29":"tag-ultimasnoticias"},"share_on_mastodon":{"url":"","error":""},"_links":{"self":[{"href":"https:\/\/www.europesays.com\/pt\/wp-json\/wp\/v2\/posts\/43496","targetHints":{"allow":["GET"]}}],"collection":[{"href":"https:\/\/www.europesays.com\/pt\/wp-json\/wp\/v2\/posts"}],"about":[{"href":"https:\/\/www.europesays.com\/pt\/wp-json\/wp\/v2\/types\/post"}],"author":[{"embeddable":true,"href":"https:\/\/www.europesays.com\/pt\/wp-json\/wp\/v2\/users\/2"}],"replies":[{"embeddable":true,"href":"https:\/\/www.europesays.com\/pt\/wp-json\/wp\/v2\/comments?post=43496"}],"version-history":[{"count":0,"href":"https:\/\/www.europesays.com\/pt\/wp-json\/wp\/v2\/posts\/43496\/revisions"}],"wp:featuredmedia":[{"embeddable":true,"href":"https:\/\/www.europesays.com\/pt\/wp-json\/wp\/v2\/media\/43497"}],"wp:attachment":[{"href":"https:\/\/www.europesays.com\/pt\/wp-json\/wp\/v2\/media?parent=43496"}],"wp:term":[{"taxonomy":"category","embeddable":true,"href":"https:\/\/www.europesays.com\/pt\/wp-json\/wp\/v2\/categories?post=43496"},{"taxonomy":"post_tag","embeddable":true,"href":"https:\/\/www.europesays.com\/pt\/wp-json\/wp\/v2\/tags?post=43496"}],"curies":[{"name":"wp","href":"https:\/\/api.w.org\/{rel}","templated":true}]}}