{"id":435201,"date":"2026-06-30T08:06:20","date_gmt":"2026-06-30T08:06:20","guid":{"rendered":"https:\/\/www.europesays.com\/pt\/435201\/"},"modified":"2026-06-30T08:06:20","modified_gmt":"2026-06-30T08:06:20","slug":"erc-vai-avancar-com-multa-contra-a-livemode-eco","status":"publish","type":"post","link":"https:\/\/www.europesays.com\/pt\/435201\/","title":{"rendered":"ERC vai avan\u00e7ar com multa contra a LiveMode \u2013 ECO"},"content":{"rendered":"<p>A Entidade Reguladora para a Comunica\u00e7\u00e3o Social (<strong>ERC<\/strong>) vai instaurar um <strong>processo de contraordena\u00e7\u00e3o<\/strong> contra a <strong>LiveMode <\/strong>por <strong>incumprimento das regras de registo<\/strong> junto da entidade reguladora. A falta de registo configura uma contraordena\u00e7\u00e3o pun\u00edvel com <strong>coima de entre 2.493,99 e 4.987, 97 euros<\/strong>.<\/p>\n<p>\n\t\t\tEscolha o ECO como fonte preferida no Google\n\t\t<\/p>\n<p>\t<a class=\"preferred-source__button\" href=\"https:\/\/google.com\/preferences\/source?q=https%3A%2F%2Feco.sapo.pt%2F\" target=\"_blank\" rel=\"noopener noreferrer nofollow\"><br \/>\n\t\tEscolher<br \/>\n\t\t\u203a<br \/>\n\t<\/a><\/p>\n<p>&#13;<br \/>\n\t\t\t\t&#13;<br \/>\n\t\t\t\t\t<a href=\"https:\/\/eco.sapo.pt\/2026\/06\/23\/erc-recua-na-classificacao-de-canal-de-tv-mas-da-72-horas-a-livemode-para-se-registar-como-servico-de-streaming\/\" rel=\"nofollow noopener\" target=\"_blank\">&#13;<\/p>\n<p class=\"info-card__intro\">ERC d\u00e1 72 horas \u00e0 LiveModeTV para registo como streaming<\/p>\n<p>\t\t\t\t\t\t&#13;<br \/>\n\t\t\t\t\t<\/a>&#13;<br \/>\n\t\t\t\t&#13;<br \/>\n\t\t\t&#13;<br \/>\n&#13;<\/p>\n<p>Em resposta ao +M, o regulador revelou que <strong>a LiveMode n\u00e3o apresentou os documentos necess\u00e1rios para ser reconhecida como um servi\u00e7o audiovisual a pedido<\/strong> \u2013 servi\u00e7o de streaming \u2013 decorrido o prazo de 72 horas.<\/p>\n<p>O<strong> prazo iniciou-se na segunda-feira passada,<\/strong> <a target=\"_blank\" href=\"https:\/\/eco.sapo.pt\/2026\/06\/23\/erc-recua-na-classificacao-de-canal-de-tv-mas-da-72-horas-a-livemode-para-se-registar-como-servico-de-streaming\/\" rel=\"nofollow noopener\">altura em que a ERC <\/a><strong><a target=\"_blank\" href=\"https:\/\/eco.sapo.pt\/2026\/06\/23\/erc-recua-na-classificacao-de-canal-de-tv-mas-da-72-horas-a-livemode-para-se-registar-como-servico-de-streaming\/\" rel=\"nofollow noopener\">deixou cair o registo da LiveMode como canal de televis\u00e3o online<\/a>,<\/strong> enquadrando-o agora como servi\u00e7o de streaming. A ERC lembrava nessa delibera\u00e7\u00e3o que, como servi\u00e7o de streaming, <strong>era necess\u00e1rio o registo pr\u00e9vio na ERC antes de iniciar a atividade<\/strong>. Este prazo, por sua vez, j\u00e1 tinha sido uma extens\u00e3o de um prazo inicialmente dado a 16 de junho, para a LiveMode completar a sua inscri\u00e7\u00e3o junto da ERC, <a target=\"_blank\" href=\"https:\/\/eco.sapo.pt\/2026\/06\/17\/erc-da-ate-sexta-para-livemodetv-se-registar-como-orgao-de-comunicacao-social\/\" rel=\"nofollow noopener\">na altura como canal de <\/a><a target=\"_blank\" href=\"https:\/\/eco.sapo.pt\/2026\/06\/17\/erc-da-ate-sexta-para-livemodetv-se-registar-como-orgao-de-comunicacao-social\/\" rel=\"nofollow noopener\">televis\u00e3o<\/a>.<\/p>\n<p>&#13;<br \/>\n\t\t\t\t&#13;<br \/>\n\t\t\t\t\t<a href=\"https:\/\/eco.sapo.pt\/descodificador\/o-que-e-a-livemodetv-e-porque-a-erc-ameaca-multar-um-canal-de-youtube\/\" rel=\"nofollow noopener\" target=\"_blank\">&#13;<\/p>\n<p class=\"info-card__intro\">O que \u00e9 a LiveModeTV e porque a ERC amea\u00e7a mult\u00e1-la?<\/p>\n<p>\t\t\t\t\t\t&#13;<br \/>\n\t\t\t\t\t<\/a>&#13;<br \/>\n\t\t\t\t&#13;<br \/>\n\t\t\t&#13;<br \/>\n&#13;<\/p>\n<p>Numa reuni\u00e3o extraordin\u00e1ria realizada esta segunda-feira, a ERC decidiu n\u00e3o s\u00f3 avan\u00e7ar com o processo, como <strong>rejeitou um pedido da LiveMode, submetido a 24 de junho, em que solicitava mais dez dias<\/strong> para exercer o <strong>direito de audi\u00eancia pr\u00e9via.<\/strong><\/p>\n<p>A LiveMode tem argumentado que <strong>o seu projeto \u00e9 tempor\u00e1rio<\/strong> <strong>e focado no Mundial de <\/strong><strong>2026.<\/strong> A LiveMode conclui ainda, nas respostas inclu\u00eddas na delibera\u00e7\u00e3o da semana passada, que <strong>\u201cn\u00e3o pretende atuar em Portugal como operador televisivo, nem explorar um \u00f3rg\u00e3o de comunica\u00e7\u00e3o social\u201d.<\/strong><\/p>\n<p>As consequ\u00eancias deste incumprimento \u00e0 Lei da Televis\u00e3o e dos Servi\u00e7os Audiovisuais a Pedido <strong>v\u00e3o agora ultrapassar fronteiras<\/strong>. Al\u00e9m do processo interno, <strong>o regulador nacional vai reportar o caso ao Coordenador Nacional dos Servi\u00e7os <\/strong><strong>Digitais \u2013 Anacom \u2013<\/strong> <strong>e \u00e0 entidade reguladora hom\u00f3loga na Irlanda<\/strong>, autoridade que tem jurisdi\u00e7\u00e3o sobre o YouTube, a plataforma utilizada pela LiveMode para a distribui\u00e7\u00e3o dos conte\u00fados.<\/p>\n","protected":false},"excerpt":{"rendered":"A Entidade Reguladora para a Comunica\u00e7\u00e3o Social (ERC) vai instaurar um processo de contraordena\u00e7\u00e3o contra a LiveMode por&hellip;\n","protected":false},"author":2,"featured_media":435202,"comment_status":"","ping_status":"","sticky":false,"template":"","format":"standard","meta":{"footnotes":"","_share_on_mastodon":"0"},"categories":[8],"tags":[1484,27,28,135,15,16,14,25,26,21,22,715,12632,1229,12,13,19,20,32,23,24,33,17,18,29,30,31],"class_list":["post-435201","post","type-post","status-publish","format-standard","has-post-thumbnail","category-principais-noticias","tag-m","tag-breaking-news","tag-breakingnews","tag-desporto","tag-featured-news","tag-featurednews","tag-headlines","tag-latest-news","tag-latestnews","tag-main-news","tag-mainnews","tag-media","tag-mundial-2026","tag-negocios-m","tag-news","tag-noticias","tag-noticias-principais","tag-noticiasprincipais","tag-portugal","tag-principais-noticias","tag-principaisnoticias","tag-pt","tag-top-stories","tag-topstories","tag-ultimas","tag-ultimas-noticias","tag-ultimasnoticias"],"share_on_mastodon":{"url":"https:\/\/pubeurope.com\/@pt\/116838032140868246","error":""},"_links":{"self":[{"href":"https:\/\/www.europesays.com\/pt\/wp-json\/wp\/v2\/posts\/435201","targetHints":{"allow":["GET"]}}],"collection":[{"href":"https:\/\/www.europesays.com\/pt\/wp-json\/wp\/v2\/posts"}],"about":[{"href":"https:\/\/www.europesays.com\/pt\/wp-json\/wp\/v2\/types\/post"}],"author":[{"embeddable":true,"href":"https:\/\/www.europesays.com\/pt\/wp-json\/wp\/v2\/users\/2"}],"replies":[{"embeddable":true,"href":"https:\/\/www.europesays.com\/pt\/wp-json\/wp\/v2\/comments?post=435201"}],"version-history":[{"count":0,"href":"https:\/\/www.europesays.com\/pt\/wp-json\/wp\/v2\/posts\/435201\/revisions"}],"wp:featuredmedia":[{"embeddable":true,"href":"https:\/\/www.europesays.com\/pt\/wp-json\/wp\/v2\/media\/435202"}],"wp:attachment":[{"href":"https:\/\/www.europesays.com\/pt\/wp-json\/wp\/v2\/media?parent=435201"}],"wp:term":[{"taxonomy":"category","embeddable":true,"href":"https:\/\/www.europesays.com\/pt\/wp-json\/wp\/v2\/categories?post=435201"},{"taxonomy":"post_tag","embeddable":true,"href":"https:\/\/www.europesays.com\/pt\/wp-json\/wp\/v2\/tags?post=435201"}],"curies":[{"name":"wp","href":"https:\/\/api.w.org\/{rel}","templated":true}]}}