{"id":435439,"date":"2026-06-30T12:46:14","date_gmt":"2026-06-30T12:46:14","guid":{"rendered":"https:\/\/www.europesays.com\/pt\/435439\/"},"modified":"2026-06-30T12:46:14","modified_gmt":"2026-06-30T12:46:14","slug":"livemodetv-avanca-com-registo-como-streaming-na-erc-apesar-de-discordar-da-decisao-eco","status":"publish","type":"post","link":"https:\/\/www.europesays.com\/pt\/435439\/","title":{"rendered":"LiveModeTV avan\u00e7a com registo como streaming na ERC, apesar de discordar da decis\u00e3o &#8211; ECO"},"content":{"rendered":"<ol>\n<li><a href=\"https:\/\/news.google.com\/rss\/articles\/CBMitAFBVV95cUxPc21kb1lwSGlmeFE5R2RzT2Y3d3lxbmN3ZE1qTXFfa01QZ1BhTVRMSVZIRDcwV2hjSF82UnhVMjE5YVpsWEVJQUEzQzgzQ3JTVlQ3YTQ0M1BGVWNyNHp0UGJjNVNVQXRuTWp6TW1GVTU2UWNxWm5VZk84Rkc1MkNMVXBrREJoWEROVDc5QTJ5RTZ5MjNibDNWX2NaX05XbGx3VEo3T2hTcGZNN2t0R0s4Vjd1NEs?oc=5\" target=\"_blank\" rel=\"nofollow noopener\">LiveModeTV avan\u00e7a com registo como streaming na ERC, apesar de discordar da decis\u00e3o<\/a>&nbsp;&nbsp;ECO<\/li>\n<li><a href=\"https:\/\/news.google.com\/rss\/articles\/CBMinAFBVV95cUxQVVZDTGNzTk9rWjhqVk0ycmJmY1djTGxKSHMtb25EbXdWTkJyT1dfR2ZoNXJCUTZFRVFkdUVJVTNsRFpZNkFjYWIwYWpraWxRVDNfUXRrTmxHSXc2U0VmS0dnUHRuM1pRcmJSbTRqN3VSU0NTQXhYZ1RDbEpkbXg0a0NCTFBUSmlSQ0NJZXpnUjl3ck5JNnpGSWxHWUU?oc=5\" target=\"_blank\" rel=\"nofollow noopener\">LiveModeTV registou-se na ERC, ainda que n\u00e3o concorde com a imposi\u00e7\u00e3o. Mas leva com processo<\/a>&nbsp;&nbsp;Di\u00e1rio de Not\u00edcias<\/li>\n<li><a href=\"https:\/\/news.google.com\/rss\/articles\/CBMi-gFBVV95cUxPOHNTdTVtQTVkQ01haW9YZVBIanJ2REVOSm50TUFDSElmNXQtaXZDSm1wY0w2LXpsc1NWRmdmLTQ1RURYWkMxVVphZ0hSa2VhM0EzcE5IMWJWTlpYTmg4b3VOd2RPakRzc25Tdzkta1Z6aWp2ZGgyamVBb0lNQTQwZkM4a3JPQUhaYS1Rd0docmRHVjUwRHlhcDU5M0dDdGFod0Nqb196Uk12TnFnc05EdWpmT0lqUXI1a0JXVENJcUNUdVk3RWN4dFBkc2c5d2FQM2dDdXpDdlBaeW5qbmNyS1lJYUxObWxBNUlZajdvUGpYMFdzNElLUXZR?oc=5\" target=\"_blank\" rel=\"nofollow noopener\">Propriet\u00e1ria da Caz\u00e9TV pode ser impedida de operar em Portugal; entenda o caso<\/a>&nbsp;&nbsp;Terra<\/li>\n<li><a href=\"https:\/\/news.google.com\/rss\/articles\/CBMinAFBVV95cUxNdUExblRGSlJ5Y2lqcVFGSjdhdXRvSVJCc3hoRS1hR0hYaE1TLURMX0FzRjlta09WeHQwUUdweGtSRk9aNlJHNm51NjdEMnI3OUhYWTJ5Y1ptd3czZ3ZuWTNUdjk4OEd0aWF1czFBWW1zR0dNVGxOdTlZaDVfbHB5YVF0SUFETjVkUXRzZXR6a3hfVkZNWUY1V04xMXY?oc=5\" target=\"_blank\" rel=\"nofollow noopener\">LiveModeTV avan\u00e7a com pedido de registo na ERC<\/a>&nbsp;&nbsp;A Bola<\/li>\n<li><a href=\"https:\/\/news.google.com\/rss\/articles\/CBMizwFBVV95cUxQaXFFNURNYlZUQnRrQ2lKNGhRbDlfSnlYWUw5YUJUeE1TeHpHWS1pMm03cHNHSW5Nbjh5UUVrNFMzdENrUzZnU2hkY2lEd2w2RElvM2hZQThDUFhOX1hhNjc1TWRjelM0ejNfWG94bWxESnp6TENnX05kZ3JLckpBVzI2cW1BSnBCY0cwWXEwOVlfVnV0UTJ0Y3VmQ0pIQ1JtcGJuV09uSnpCdVZFc3RpWW5lMFl5d1cxNXg2WnVjSjg4cnVNWFpmbFJYWXQwSHc?oc=5\" target=\"_blank\" rel=\"nofollow noopener\">LiveModeTV bate recorde ao transmitir a \u201clive\u201d de maior audi\u00eancia da hist\u00f3ria do YouTube em Portugal<\/a>&nbsp;&nbsp;Comunidade Cultura e Arte<\/li>\n<\/ol>\n","protected":false},"excerpt":{"rendered":"LiveModeTV avan\u00e7a com registo como streaming na ERC, apesar de discordar da decis\u00e3o&nbsp;&nbsp;ECO LiveModeTV registou-se na ERC, ainda&hellip;\n","protected":false},"author":2,"featured_media":435440,"comment_status":"","ping_status":"","sticky":false,"template":"","format":"standard","meta":{"footnotes":"","_share_on_mastodon":"0"},"categories":[142],"tags":[1484,135,114,115,715,12632,1229,32,33,151],"class_list":["post-435439","post","type-post","status-publish","format-standard","has-post-thumbnail","category-tv","tag-m","tag-desporto","tag-entertainment","tag-entretenimento","tag-media","tag-mundial-2026","tag-negocios-m","tag-portugal","tag-pt","tag-tv"],"share_on_mastodon":{"url":"https:\/\/pubeurope.com\/@pt\/116839133227042916","error":""},"_links":{"self":[{"href":"https:\/\/www.europesays.com\/pt\/wp-json\/wp\/v2\/posts\/435439","targetHints":{"allow":["GET"]}}],"collection":[{"href":"https:\/\/www.europesays.com\/pt\/wp-json\/wp\/v2\/posts"}],"about":[{"href":"https:\/\/www.europesays.com\/pt\/wp-json\/wp\/v2\/types\/post"}],"author":[{"embeddable":true,"href":"https:\/\/www.europesays.com\/pt\/wp-json\/wp\/v2\/users\/2"}],"replies":[{"embeddable":true,"href":"https:\/\/www.europesays.com\/pt\/wp-json\/wp\/v2\/comments?post=435439"}],"version-history":[{"count":0,"href":"https:\/\/www.europesays.com\/pt\/wp-json\/wp\/v2\/posts\/435439\/revisions"}],"wp:featuredmedia":[{"embeddable":true,"href":"https:\/\/www.europesays.com\/pt\/wp-json\/wp\/v2\/media\/435440"}],"wp:attachment":[{"href":"https:\/\/www.europesays.com\/pt\/wp-json\/wp\/v2\/media?parent=435439"}],"wp:term":[{"taxonomy":"category","embeddable":true,"href":"https:\/\/www.europesays.com\/pt\/wp-json\/wp\/v2\/categories?post=435439"},{"taxonomy":"post_tag","embeddable":true,"href":"https:\/\/www.europesays.com\/pt\/wp-json\/wp\/v2\/tags?post=435439"}],"curies":[{"name":"wp","href":"https:\/\/api.w.org\/{rel}","templated":true}]}}