{"id":435504,"date":"2026-06-30T13:52:11","date_gmt":"2026-06-30T13:52:11","guid":{"rendered":"https:\/\/www.europesays.com\/pt\/435504\/"},"modified":"2026-06-30T13:52:11","modified_gmt":"2026-06-30T13:52:11","slug":"a-russia-esta-a-arder-mas-putin-nao-deve-ceder","status":"publish","type":"post","link":"https:\/\/www.europesays.com\/pt\/435504\/","title":{"rendered":"A R\u00fassia est\u00e1 a arder, mas Putin n\u00e3o deve ceder"},"content":{"rendered":"\n<p data-end=\"59\" data-start=\"0\">Nas ruas de Moscovo, condutores frustrados aguardam pacientemente em longas filas de carros e cami\u00f5es para abastecer, perante uma grave escassez nacional de combust\u00edvel. Muitos passaram o dia inteiro, disseram \u00e0 CNN, a circular em busca de gasolina \u2014 algo extraordin\u00e1rio na capital de um dos maiores produtores de energia do mundo e inesperado numa cidade que durante muito tempo esteve protegida dos efeitos da guerra na Ucr\u00e2nia.<\/p>\n<p data-end=\"715\" data-start=\"493\">Mas agora, pela primeira vez num conflito que j\u00e1 vai no quinto ano, a dura realidade do que o Kremlin continua a chamar de \u201copera\u00e7\u00e3o militar especial\u201d tornou-se imposs\u00edvel de ignorar confortavelmente para os russos comuns.<\/p>\n<p data-end=\"824\" data-start=\"717\">No \u00faltimo m\u00eas, a campanha de drones sem precedentes da Ucr\u00e2nia tem sido extraordin\u00e1ria em escala e impacto.<\/p>\n<p data-end=\"1006\" data-start=\"826\">Numa \u00fanica noite na semana passada, a R\u00fassia afirmou ter intercetado 660 drones em 12 regi\u00f5es \u2014 um dos maiores ataques ucranianos desde o in\u00edcio da invas\u00e3o em larga escala em 2022.<\/p>\n<p data-end=\"1349\" data-start=\"1008\">Os alvos, longe de serem aleat\u00f3rios, s\u00e3o cuidadosamente escolhidos: refinarias, terminais de petr\u00f3leo, navios da marinha, f\u00e1bricas de armamento no interior do territ\u00f3rio russo. Trata-se de uma campanha desenhada para desgastar a economia de guerra russa, aumentando os custos econ\u00f3micos e pol\u00edticos para o Kremlin na continua\u00e7\u00e3o do conflito.<\/p>\n<p data-end=\"1369\" data-start=\"1351\">E est\u00e1 a resultar.<\/p>\n<p data-end=\"1732\" data-start=\"1371\">Em toda a R\u00fassia, meios de comunica\u00e7\u00e3o independentes t\u00eam vindo a documentar filas crescentes de ve\u00edculos \u00e0 espera nos postos de combust\u00edvel, \u00e0 medida que as escassezes se agravam \u2014 imagens que as autoridades prefeririam esconder. Na Crimeia, anexada \u00e0 Ucr\u00e2nia em 2014, as vendas de combust\u00edvel foram suspensas e a pen\u00ednsula foi colocada em estado de emerg\u00eancia.<\/p>\n<p>  <img loading=\"lazy\" decoding=\"async\" alt=\"\" height=\"387\" src=\"https:\/\/www.europesays.com\/pt\/wp-content\/uploads\/2026\/06\/1782827530_982_600.webp\" width=\"600\"\/> <\/p>\n<p>    Carros esperam em filas num posto de abastecimento gerido pela Rosneft, uma empresa petrol\u00edfera russa controlada pelo Estado, a 27 de junho de 2026, em Moscovo. (Getty Images) <\/p>\n<p data-end=\"1839\" data-start=\"1734\">Mesmo para o Kremlin, que frequentemente minimiza os reveses, a realidade tornou-se dif\u00edcil de contornar.<\/p>\n<p data-end=\"2020\" data-start=\"1841\">O presidente russo, Vladimir Putin, presidiu a uma reuni\u00e3o de emerg\u00eancia no fim de semana e revelou que as reservas nacionais de gasolina foram reduzidas a n\u00edveis desconfort\u00e1veis.<\/p>\n<p data-end=\"2235\" data-start=\"2022\">\u201cEst\u00e3o bem conscientes de que os problemas para os condutores e para as empresas persistem\u201d, disse Putin aos altos respons\u00e1veis reunidos, reconhecendo aquilo que as autoridades t\u00eam vindo a desvalorizar h\u00e1 semanas.<\/p>\n<p data-end=\"2311\" data-start=\"2237\">\u201cInfelizmente, ainda h\u00e1 tamb\u00e9m filas nos postos de gasolina\u201d, acrescentou.<\/p>\n<p data-end=\"2688\" data-start=\"2313\">Houve outros sinais de que o Kremlin sente press\u00e3o. Putin revelou que est\u00e1 em considera\u00e7\u00e3o uma proibi\u00e7\u00e3o total das exporta\u00e7\u00f5es de gas\u00f3leo \u2014 depois de o seu pr\u00f3prio vice-primeiro-ministro ter dito aos jornalistas que tal proibi\u00e7\u00e3o n\u00e3o era necess\u00e1ria. O l\u00edder russo confirmou que est\u00e1 agora a ser criada uma for\u00e7a-tarefa para tratar das quest\u00f5es relacionadas com o combust\u00edvel.<\/p>\n<p data-end=\"2991\" data-start=\"2690\">Putin alertou ainda que a agricultura est\u00e1 em risco e afirmou que a R\u00fassia deve \u201creduzir ao m\u00ednimo o impacto dos ataques terroristas aos nossos alvos civis e infraestruturas\u201d \u2014 uma invers\u00e3o cuidadosamente formulada para um l\u00edder que tem desvalorizado os ataques de drones ucranianos como irrelevantes.<\/p>\n<p data-end=\"3440\" data-start=\"2993\">N\u00e3o deixa de haver uma certa ironia no facto de que, durante anos, a destrui\u00e7\u00e3o sistem\u00e1tica da infraestrutura energ\u00e9tica ucraniana \u2014 centrais el\u00e9tricas, subesta\u00e7\u00f5es, sistemas de aquecimento \u2014 tenha sido uma das estrat\u00e9gias mais deliberadas da guerra russa, destinada a quebrar a moral civil ao tornar a vida quotidiana insuport\u00e1vel. Agora, a Ucr\u00e2nia parece ter invertido essa l\u00f3gica, e os russos come\u00e7am a sentir o lado mais duro dessa estrat\u00e9gia.<\/p>\n<p>  <img loading=\"lazy\" decoding=\"async\" alt=\"\" height=\"390\" src=\"https:\/\/www.europesays.com\/pt\/wp-content\/uploads\/2026\/06\/1782827531_991_600.webp\" width=\"600\"\/> <\/p>\n<p>    Nesta fotografia de ag\u00eancia distribu\u00edda pela ag\u00eancia estatal russa Sputnik, o presidente russo Vladimir Putin discursa no 23.\u00ba Congresso do partido \u00abR\u00fassia Unida\u00bb, em Moscovo, a 28 de junho de 2026. (Yekaterina Shtukina\/Pool\/AFP\/Getty Images) <\/p>\n<p data-end=\"3527\" data-start=\"3442\">Isso, no entanto, est\u00e1 a alimentar esperan\u00e7a entre os cr\u00edticos ocidentais de Moscovo.<\/p>\n<p data-end=\"3812\" data-start=\"3529\">Na cimeira do G7 em Fran\u00e7a no in\u00edcio do m\u00eas, a presidente da Comiss\u00e3o Europeia, Ursula von der Leyen, foi clara. \u201cA mar\u00e9 est\u00e1 a virar a favor da Ucr\u00e2nia\u201d, afirmou. \u201cA situa\u00e7\u00e3o em 2026 \u00e9 muito diferente de 2025. O desgaste da R\u00fassia \u00e9 evidente. \u00c9 o momento de refor\u00e7ar o nosso apoio.\u201d<\/p>\n<p data-end=\"3999\" data-start=\"3814\">Respons\u00e1veis ocidentais dizem que a campanha ucraniana tem travado o abastecimento de combust\u00edvel russo e as entregas militares, dificultando os esfor\u00e7os de Moscovo no campo de batalha.<\/p>\n<p data-end=\"4293\" data-start=\"4001\">Num relat\u00f3rio recente, o Council on Foreign Relations referiu que o aumento das opera\u00e7\u00f5es com drones contribuiu diretamente para a Ucr\u00e2nia recuperar 78 milhas quadradas de territ\u00f3rio em fevereiro e reverter uma tend\u00eancia de ganhos russos que tinha marcado o campo de batalha ao longo de 2025.<\/p>\n<p data-end=\"4366\" data-start=\"4295\">At\u00e9 o tom do presidente norte-americano Donald Trump parece ter mudado.<\/p>\n<p data-end=\"4789\" data-start=\"4368\">Na cimeira do G7, disse aos jornalistas que a R\u00fassia \u201cdevia chegar a um acordo\u201d. Dias depois, j\u00e1 em Washington e no Sal\u00e3o Oval, descreveu o presidente ucraniano Volodymyr Zelensky como \u201ccorajoso\u201d e algu\u00e9m que est\u00e1 a \u201cir bastante bem\u201d na guerra \u2014 palavras notavelmente mais favor\u00e1veis de um presidente que passou grande parte do ano passado a pressionar publicamente Kiev para negociar a partir de uma posi\u00e7\u00e3o de fraqueza.<\/p>\n<p data-end=\"5012\" data-start=\"4791\">Zelensky, por sua vez, foi expl\u00edcito sobre o que acredita que a sua campanha de drones pode alcan\u00e7ar. Com o apoio certo, a Ucr\u00e2nia pode \u201ccriar rapidamente condi\u00e7\u00f5es em que a R\u00fassia ser\u00e1 for\u00e7ada a escolher a paz\u201d, afirmou.<\/p>\n<p data-end=\"5159\" data-start=\"5014\">Mas pode ser um erro concluir que os problemas atuais da R\u00fassia v\u00e3o obrigar o Kremlin a ceder, pelo menos por agora e provavelmente n\u00e3o t\u00e3o cedo.<\/p>\n<p data-end=\"5385\" data-start=\"5161\">Putin construiu ao longo das d\u00e9cadas uma imagem relativamente inflex\u00edvel de l\u00edder intransigente \u2014 um fator que torna a capitula\u00e7\u00e3o, a retirada ou mesmo o compromisso na Ucr\u00e2nia extremamente improv\u00e1veis e dif\u00edceis de assumir.<\/p>\n<p data-end=\"5718\" data-start=\"5387\">Com mais de um milh\u00e3o de mortos e feridos na invas\u00e3o, segundo estimativas ocidentais, e reivindica\u00e7\u00f5es de soberania sobre quatro regi\u00f5es ucranianas que ainda n\u00e3o controla totalmente, qualquer acordo que n\u00e3o possa ser apresentado em Moscovo como uma vit\u00f3ria decisiva corre o risco de gerar tens\u00f5es pol\u00edticas internas significativas.<\/p>\n<p data-end=\"5918\" data-start=\"5720\">Os setores mais radicais no c\u00edrculo de Putin continuam a defender que toda a regi\u00e3o do Donbas pode e deve ser conquistada. Esse argumento n\u00e3o desaparece s\u00f3 porque as refinarias russas est\u00e3o a arder.<\/p>\n<p data-end=\"6032\" data-is-last-node=\"\" data-is-only-node=\"\" data-start=\"5920\">E, embora a atual escassez de combust\u00edvel seja real e dolorosa, n\u00e3o deve ser confundida com uma bandeira branca.<\/p>\n","protected":false},"excerpt":{"rendered":"Nas ruas de Moscovo, condutores frustrados aguardam pacientemente em longas filas de carros e cami\u00f5es para abastecer, perante&hellip;\n","protected":false},"author":2,"featured_media":435505,"comment_status":"","ping_status":"","sticky":false,"template":"","format":"standard","meta":{"footnotes":"","_share_on_mastodon":"0"},"categories":[50],"tags":[609,836,611,27,28,607,608,333,832,604,135,610,476,15,16,301,830,889,14,603,6164,25,26,570,21,22,831,833,4617,62,834,12,13,19,20,835,602,52,32,23,24,839,17,18,840,29,30,31,2415,63,64,65],"class_list":["post-435504","post","type-post","status-publish","format-standard","has-post-thumbnail","category-mundo","tag-alerta","tag-analise","tag-ao-minuto","tag-breaking-news","tag-breakingnews","tag-cnn","tag-cnn-portugal","tag-comentadores","tag-costa","tag-crime","tag-desporto","tag-direto","tag-economia","tag-featured-news","tag-featurednews","tag-governo","tag-guerra","tag-guerra-na-ucrania","tag-headlines","tag-justica","tag-kremlin","tag-latest-news","tag-latestnews","tag-live","tag-main-news","tag-mainnews","tag-mais-vistas","tag-marcelo","tag-moscovo","tag-mundo","tag-negocios","tag-news","tag-noticias","tag-noticias-principais","tag-noticiasprincipais","tag-opiniao","tag-pais","tag-politica","tag-portugal","tag-principais-noticias","tag-principaisnoticias","tag-russia","tag-top-stories","tag-topstories","tag-ucrania","tag-ultimas","tag-ultimas-noticias","tag-ultimasnoticias","tag-vladimir-putin","tag-world","tag-world-news","tag-worldnews"],"share_on_mastodon":{"url":"","error":"Validation failed: Text character limit of 500 exceeded"},"_links":{"self":[{"href":"https:\/\/www.europesays.com\/pt\/wp-json\/wp\/v2\/posts\/435504","targetHints":{"allow":["GET"]}}],"collection":[{"href":"https:\/\/www.europesays.com\/pt\/wp-json\/wp\/v2\/posts"}],"about":[{"href":"https:\/\/www.europesays.com\/pt\/wp-json\/wp\/v2\/types\/post"}],"author":[{"embeddable":true,"href":"https:\/\/www.europesays.com\/pt\/wp-json\/wp\/v2\/users\/2"}],"replies":[{"embeddable":true,"href":"https:\/\/www.europesays.com\/pt\/wp-json\/wp\/v2\/comments?post=435504"}],"version-history":[{"count":0,"href":"https:\/\/www.europesays.com\/pt\/wp-json\/wp\/v2\/posts\/435504\/revisions"}],"wp:featuredmedia":[{"embeddable":true,"href":"https:\/\/www.europesays.com\/pt\/wp-json\/wp\/v2\/media\/435505"}],"wp:attachment":[{"href":"https:\/\/www.europesays.com\/pt\/wp-json\/wp\/v2\/media?parent=435504"}],"wp:term":[{"taxonomy":"category","embeddable":true,"href":"https:\/\/www.europesays.com\/pt\/wp-json\/wp\/v2\/categories?post=435504"},{"taxonomy":"post_tag","embeddable":true,"href":"https:\/\/www.europesays.com\/pt\/wp-json\/wp\/v2\/tags?post=435504"}],"curies":[{"name":"wp","href":"https:\/\/api.w.org\/{rel}","templated":true}]}}