{"id":435802,"date":"2026-06-30T18:56:12","date_gmt":"2026-06-30T18:56:12","guid":{"rendered":"https:\/\/www.europesays.com\/pt\/435802\/"},"modified":"2026-06-30T18:56:12","modified_gmt":"2026-06-30T18:56:12","slug":"apos-vencer-o-desafio-final-pedro-jorge-revela-que-nao-quer-conversar-com-um-ex-concorrente-dois-as-10","status":"publish","type":"post","link":"https:\/\/www.europesays.com\/pt\/435802\/","title":{"rendered":"Ap\u00f3s vencer o Desafio Final, Pedro Jorge revela que n\u00e3o quer conversar com um ex-concorrente &#8211; Dois \u00e0s 10"},"content":{"rendered":"<p>                             Depois de vencer o Secret Story \u2013 Desafio Final, Pedro Jorge esteve, esta ter\u00e7a-feira no programa Dois \u00e0s 10, \u00e0 conversa com Cl\u00e1udio Ramos e falou sobre alguns colegas de programa.<\/p>\n<p data-end=\"259\" data-start=\"103\">Durante a entrevista, o apresentador recordou que Pedro Jorge disputou a final com Leandro Martins, um dos seus maiores antagonistas desde a participa\u00e7\u00e3o no Secret Story 9, e quis saber como encarava o facto de voltar a venc\u00ea-lo.<\/p>\n<p data-end=\"552\" data-start=\"497\">O vencedor do reality show n\u00e3o escondeu a satisfa\u00e7\u00e3o.\u00a0&#8220;O Leandro foi uma pessoa na primeira edi\u00e7\u00e3o que constantemente disse que ia ganhar, ent\u00e3o deu-me esse gostinho de n\u00e3o ser ele a ganhar e eu ganhar&#8221;, come\u00e7ou por afirmar.<\/p>\n<p data-end=\"836\" data-start=\"728\">Sobre o reencontro no Desafio Final, Pedro Jorge considerou que a postura do ex-concorrente foi diferente.\u00a0&#8220;Aqui, vi que o Leandro n\u00e3o entrou a dizer que ia ganhar, vi-o a dizer que \u00e0 primeira nomea\u00e7\u00e3o sa\u00eda, um discurso completamente diferente da outra edi\u00e7\u00e3o. D\u00e1-me um gostinho grande porque foi dos maiores antagonistas que eu tive l\u00e1 dentro, mais uma vez&#8221;, confessou.<\/p>\n<p data-end=\"1298\" data-start=\"1105\">Pedro Jorge revelou ainda que n\u00e3o pretende manter contacto com Leandro Martins ap\u00f3s o fim do programa, considerando que o antigo rival nunca conseguiu desligar-se da edi\u00e7\u00e3o anterior do formato.<\/p>\n<p data-end=\"1503\" data-is-last-node=\"\" data-is-only-node=\"\" data-start=\"1300\">Recorde-se que, no Secret Story 9, Leandro Martins n\u00e3o chegou \u00e0 final. J\u00e1 no Secret Story \u2013 Desafio Final, terminou a competi\u00e7\u00e3o no terceiro lugar, enquanto Pedro Jorge voltou a conquistar a vit\u00f3ria.<\/p>\n","protected":false},"excerpt":{"rendered":"Depois de vencer o Secret Story \u2013 Desafio Final, Pedro Jorge esteve, esta ter\u00e7a-feira no programa Dois \u00e0s&hellip;\n","protected":false},"author":2,"featured_media":435803,"comment_status":"","ping_status":"","sticky":false,"template":"","format":"standard","meta":{"footnotes":"","_share_on_mastodon":"0"},"categories":[85],"tags":[329,166,15383,3412,3406,3409,801,3410,3411,3407,3408,114,115,12397,3413,338,21416,32,33,1315],"class_list":["post-435802","post","type-post","status-publish","format-standard","has-post-thumbnail","category-entretenimento","tag-claudio-ramos","tag-cristina-ferreira","tag-desafio-final","tag-dois-10","tag-dois-a-s-10-dois-a-s-10","tag-dois-a-s-dez","tag-dois-as-10","tag-dois-as-dez","tag-dois-dez","tag-doisas10","tag-doisasdez","tag-entertainment","tag-entretenimento","tag-leandro","tag-manha-tvi","tag-maria-botelho-moniz","tag-pedro-jorge","tag-portugal","tag-pt","tag-secret-story"],"share_on_mastodon":{"url":"https:\/\/pubeurope.com\/@pt\/116840588060118004","error":""},"_links":{"self":[{"href":"https:\/\/www.europesays.com\/pt\/wp-json\/wp\/v2\/posts\/435802","targetHints":{"allow":["GET"]}}],"collection":[{"href":"https:\/\/www.europesays.com\/pt\/wp-json\/wp\/v2\/posts"}],"about":[{"href":"https:\/\/www.europesays.com\/pt\/wp-json\/wp\/v2\/types\/post"}],"author":[{"embeddable":true,"href":"https:\/\/www.europesays.com\/pt\/wp-json\/wp\/v2\/users\/2"}],"replies":[{"embeddable":true,"href":"https:\/\/www.europesays.com\/pt\/wp-json\/wp\/v2\/comments?post=435802"}],"version-history":[{"count":0,"href":"https:\/\/www.europesays.com\/pt\/wp-json\/wp\/v2\/posts\/435802\/revisions"}],"wp:featuredmedia":[{"embeddable":true,"href":"https:\/\/www.europesays.com\/pt\/wp-json\/wp\/v2\/media\/435803"}],"wp:attachment":[{"href":"https:\/\/www.europesays.com\/pt\/wp-json\/wp\/v2\/media?parent=435802"}],"wp:term":[{"taxonomy":"category","embeddable":true,"href":"https:\/\/www.europesays.com\/pt\/wp-json\/wp\/v2\/categories?post=435802"},{"taxonomy":"post_tag","embeddable":true,"href":"https:\/\/www.europesays.com\/pt\/wp-json\/wp\/v2\/tags?post=435802"}],"curies":[{"name":"wp","href":"https:\/\/api.w.org\/{rel}","templated":true}]}}