{"id":435984,"date":"2026-06-30T21:34:17","date_gmt":"2026-06-30T21:34:17","guid":{"rendered":"https:\/\/www.europesays.com\/pt\/435984\/"},"modified":"2026-06-30T21:34:17","modified_gmt":"2026-06-30T21:34:17","slug":"obsessed-fest-evento-do-prime-video-revela-trailer-e-novidades-de-varias-producoes","status":"publish","type":"post","link":"https:\/\/www.europesays.com\/pt\/435984\/","title":{"rendered":"Obsessed Fest, evento do Prime Video, revela trailer e novidades de v\u00e1rias produ\u00e7\u00f5es"},"content":{"rendered":"<p>  <img width=\"76\" height=\"40\"   alt=\"Capa da Publica\u00e7\u00e3o\" class=\"article-cover__image\"\/><\/p>\n<p class=\"post__tagline\">Evento do momento!<\/p>\n<p>O<strong> Prime Video<\/strong> realizou o evento <strong>Obsessed Fest<\/strong> no \u00faltimo domingo (27) e trouxe novidades de v\u00e1rias produ\u00e7\u00f5es do streaming, incluindo trailers e imagens de s\u00e9ries e filmes.<\/p>\n<p>Confira abaixo as novidades da cada produ\u00e7\u00e3o.<\/p>\n<p>A Hip\u00f3tese do Amor<\/p>\n<p>O primeiro teaser trailer do filme foi lan\u00e7ado no evento:<\/p>\n<p>The Devil\u2019s Mouth<\/p>\n<p>O novo filme de terror de sobreviv\u00eancia, com tubar\u00e3o, ganhou um trailer na sequ\u00eancia do evento! Confira abaixo:<\/p>\n<p>Off Campus<\/p>\n<p>Apesar das grava\u00e7\u00f5es da segunda temporada da s\u00e9rie j\u00e1 estarem acontecendo, durante o evento foi divulgado um v\u00eddeo de bastidores com erros de grava\u00e7\u00e3o da primeira temporada.<\/p>\n<p>Maxton Hall<\/p>\n<p>Imagens da temporada final da s\u00e9rie foram divulgadas.<\/p>\n","protected":false},"excerpt":{"rendered":"Evento do momento! O Prime Video realizou o evento Obsessed Fest no \u00faltimo domingo (27) e trouxe novidades&hellip;\n","protected":false},"author":2,"featured_media":435985,"comment_status":"","ping_status":"","sticky":false,"template":"","format":"standard","meta":{"footnotes":"","_share_on_mastodon":"0"},"categories":[140],"tags":[70422,114,115,147,148,1657,146,32,33],"class_list":["post-435984","post","type-post","status-publish","format-standard","has-post-thumbnail","category-filmes","tag-cavalo-de-fogo","tag-entertainment","tag-entretenimento","tag-film","tag-filmes","tag-filmes-terror","tag-movies","tag-portugal","tag-pt"],"share_on_mastodon":{"url":"https:\/\/pubeurope.com\/@pt\/116841209525058397","error":""},"_links":{"self":[{"href":"https:\/\/www.europesays.com\/pt\/wp-json\/wp\/v2\/posts\/435984","targetHints":{"allow":["GET"]}}],"collection":[{"href":"https:\/\/www.europesays.com\/pt\/wp-json\/wp\/v2\/posts"}],"about":[{"href":"https:\/\/www.europesays.com\/pt\/wp-json\/wp\/v2\/types\/post"}],"author":[{"embeddable":true,"href":"https:\/\/www.europesays.com\/pt\/wp-json\/wp\/v2\/users\/2"}],"replies":[{"embeddable":true,"href":"https:\/\/www.europesays.com\/pt\/wp-json\/wp\/v2\/comments?post=435984"}],"version-history":[{"count":0,"href":"https:\/\/www.europesays.com\/pt\/wp-json\/wp\/v2\/posts\/435984\/revisions"}],"wp:featuredmedia":[{"embeddable":true,"href":"https:\/\/www.europesays.com\/pt\/wp-json\/wp\/v2\/media\/435985"}],"wp:attachment":[{"href":"https:\/\/www.europesays.com\/pt\/wp-json\/wp\/v2\/media?parent=435984"}],"wp:term":[{"taxonomy":"category","embeddable":true,"href":"https:\/\/www.europesays.com\/pt\/wp-json\/wp\/v2\/categories?post=435984"},{"taxonomy":"post_tag","embeddable":true,"href":"https:\/\/www.europesays.com\/pt\/wp-json\/wp\/v2\/tags?post=435984"}],"curies":[{"name":"wp","href":"https:\/\/api.w.org\/{rel}","templated":true}]}}