{"id":436483,"date":"2026-07-01T10:41:08","date_gmt":"2026-07-01T10:41:08","guid":{"rendered":"https:\/\/www.europesays.com\/pt\/436483\/"},"modified":"2026-07-01T10:41:08","modified_gmt":"2026-07-01T10:41:08","slug":"erc-suspende-processo-de-contraordenacao-a-livemodetv-apos-registo-como-servico-audiovisual-a-pedido","status":"publish","type":"post","link":"https:\/\/www.europesays.com\/pt\/436483\/","title":{"rendered":"ERC suspende processo de contraordena\u00e7\u00e3o \u00e0 LiveModeTV ap\u00f3s registo como servi\u00e7o audiovisual a pedido"},"content":{"rendered":"<p>A ERC suspendeu a instaura\u00e7\u00e3o do procedimento de contraordena\u00e7\u00e3o \u00e0 LiveModeTV at\u00e9 reaprecia\u00e7\u00e3o do processo pelo Conselho Regulador, depois da plataforma ter efetuado o registo na ter\u00e7a-feira, 30 de junho.<\/p>\n<p>Contactada pela Lusa, fonte oficial da Entidade Reguladora para Comunica\u00e7\u00e3o Social (ERC) &#8220;esclarece que o procedimento de contraordena\u00e7\u00e3o fica suspenso at\u00e9 reaprecia\u00e7\u00e3o do processo pelo Conselho Regulador&#8221;.<\/p>\n<p>De acordo com a mesma fonte, a LiveModeTV efetuou na ter\u00e7a-feira [30 de junho] o registo junto da ERC, como servi\u00e7o audiovisual a pedido.<\/p>\n<p>Na segunda-feira, o Conselho Regulador da ERC deliberou proceder \u00e0 instaura\u00e7\u00e3o de um processo de contraordena\u00e7\u00e3o \u00e0 plataforma LiveMode por esta, decorrido o prazo de 72 horas, n\u00e3o ter apresentado os elementos legalmente exigidos junto da entidade.<\/p>\n<p>No mesmo dia, a plataforma LiveModeTV, que transmite jogos de futebol do Mundial2026 em Portugal, anunciou que tinha pedido o registo na ERC enquanto servi\u00e7o audiovisual a pedido (&#8216;streaming&#8217;), conforme exigido, apesar de continuar a opor-se \u00e0 classifica\u00e7\u00e3o atribu\u00edda pelo regulador.<\/p>\n<p>&#8220;A LiveModeTV ir\u00e1 agora apresentar a documenta\u00e7\u00e3o detalhada \u00e0 ERC sobre o modelo atual do seu projeto, demonstrando que a sua atividade n\u00e3o se enquadra na categoria de servi\u00e7o audiovisual a pedido. A empresa f\u00e1-lo confiante de que, tal como aconteceu com a classifica\u00e7\u00e3o como servi\u00e7o de televis\u00e3o web, a an\u00e1lise destes elementos levar\u00e1 a ERC a concluir que a LiveModeTV n\u00e3o se enquadra nessa categoria&#8221;, adiantou, na altura, a empresa.<\/p>\n<p>A LiveModeTV Portugal \u00e9 propriedade da empresa LiveMode Portugal, Unipessoal, Lda.<\/p>\n<p>Em Portugal, o projeto destaca-se por transmitir, em direto, 34 jogos do Mundial, um por dia, incluindo jogos da Sele\u00e7\u00e3o Nacional, em acesso gratuito, tendo o in\u00edcio da atividade cerca de seis meses, coincidente com o primeiro v\u00eddeo disponibilizado na plataforma YouTube.<\/p>\n","protected":false},"excerpt":{"rendered":"A ERC suspendeu a instaura\u00e7\u00e3o do procedimento de contraordena\u00e7\u00e3o \u00e0 LiveModeTV at\u00e9 reaprecia\u00e7\u00e3o do processo pelo Conselho Regulador,&hellip;\n","protected":false},"author":2,"featured_media":436484,"comment_status":"","ping_status":"","sticky":false,"template":"","format":"standard","meta":{"footnotes":"","_share_on_mastodon":"0"},"categories":[142],"tags":[114,57233,115,789,68856,32,33,151],"class_list":["post-436483","post","type-post","status-publish","format-standard","has-post-thumbnail","category-tv","tag-entertainment","tag-entidade-reguladora-para-a-comunicacao-social","tag-entretenimento","tag-erc","tag-livemodetv","tag-portugal","tag-pt","tag-tv"],"share_on_mastodon":{"url":"https:\/\/pubeurope.com\/@pt\/116844303670498403","error":""},"_links":{"self":[{"href":"https:\/\/www.europesays.com\/pt\/wp-json\/wp\/v2\/posts\/436483","targetHints":{"allow":["GET"]}}],"collection":[{"href":"https:\/\/www.europesays.com\/pt\/wp-json\/wp\/v2\/posts"}],"about":[{"href":"https:\/\/www.europesays.com\/pt\/wp-json\/wp\/v2\/types\/post"}],"author":[{"embeddable":true,"href":"https:\/\/www.europesays.com\/pt\/wp-json\/wp\/v2\/users\/2"}],"replies":[{"embeddable":true,"href":"https:\/\/www.europesays.com\/pt\/wp-json\/wp\/v2\/comments?post=436483"}],"version-history":[{"count":0,"href":"https:\/\/www.europesays.com\/pt\/wp-json\/wp\/v2\/posts\/436483\/revisions"}],"wp:featuredmedia":[{"embeddable":true,"href":"https:\/\/www.europesays.com\/pt\/wp-json\/wp\/v2\/media\/436484"}],"wp:attachment":[{"href":"https:\/\/www.europesays.com\/pt\/wp-json\/wp\/v2\/media?parent=436483"}],"wp:term":[{"taxonomy":"category","embeddable":true,"href":"https:\/\/www.europesays.com\/pt\/wp-json\/wp\/v2\/categories?post=436483"},{"taxonomy":"post_tag","embeddable":true,"href":"https:\/\/www.europesays.com\/pt\/wp-json\/wp\/v2\/tags?post=436483"}],"curies":[{"name":"wp","href":"https:\/\/api.w.org\/{rel}","templated":true}]}}