{"id":436582,"date":"2026-07-01T12:09:48","date_gmt":"2026-07-01T12:09:48","guid":{"rendered":"https:\/\/www.europesays.com\/pt\/436582\/"},"modified":"2026-07-01T12:09:48","modified_gmt":"2026-07-01T12:09:48","slug":"fotos-de-shakira-no-casamento-de-dua-lipa-sao-verdadeiras-observador","status":"publish","type":"post","link":"https:\/\/www.europesays.com\/pt\/436582\/","title":{"rendered":"Fotos de Shakira no casamento de Dua Lipa s\u00e3o verdadeiras? \u2013 Observador"},"content":{"rendered":"<p>Est\u00e3o a circular nas redes sociais v\u00e1rias imagens que alegadamente mostram a cantora Shakira entre os convidados do casamento de Dua Lipa e do ator Callum Turner, que <a href=\"https:\/\/observador.pt\/2026\/06\/06\/casamento-de-dua-lipa-e-callum-turner-traz-desfile-de-celebridades-a-palacio-barroco-de-palermo\/\" target=\"_blank\" rel=\"noopener nofollow\">aconteceu no in\u00edcio de junho<\/a>. No entanto, as fotografias n\u00e3o s\u00e3o aut\u00eanticas. Tratam-se de imagens geradas por intelig\u00eancia artificial (IA), apresentadas como se fossem reais.<\/p>\n<p>As publica\u00e7\u00f5es mostram Shakira a posar ao lado de Dua Lipa e a cantora Charli xcx, a conviver com outros convidados. \u00c0 primeira vista, as imagens podem parecer cred\u00edveis, sobretudo porque reproduzem cen\u00e1rios semelhantes aos do casamento realizado em Palermo, It\u00e1lia.<\/p>\n<p>        <img src=\"https:\/\/www.europesays.com\/pt\/wp-content\/uploads\/2026\/07\/captura-de-ecra-2026-06-30-as-111331.jpg\" alt=\"\" loading=\"lazy\" decoding=\"async\" class=\"alignnone\" onload=\"this.parentElement.classList.remove('spinner')\" onerror=\"this.parentElement.classList.remove('spinner')\"\/>    <\/p>\n<p>Contudo, n\u00e3o existe qualquer registo fotogr\u00e1fico fidedigno que confirme a presen\u00e7a de Shakira no evento. As imagens acima n\u00e3o foram publicadas em \u00f3rg\u00e3os de comunica\u00e7\u00e3o social ou p\u00e1ginas oficiais das cantoras, mas apenas por contas nas redes sociais ou sites n\u00e3o confi\u00e1veis.<\/p>\n<p>O casamento de Dua Lipa e Callum Turner gerou enorme interesse medi\u00e1tico e uma intensa procura por fotografias e informa\u00e7\u00f5es sobre a cerim\u00f3nia. Mas a escassez de imagens oficiais criaram um ambiente prop\u00edcio \u00e0 dissemina\u00e7\u00e3o de conte\u00fados enganadores nas redes sociais. Nos dias que se seguiram ao evento, multiplicaram-se fotografias alegadamente captadas durante as celebra\u00e7\u00f5es, muitas das quais foram geradas por intelig\u00eancia artificial. Entre elas surgiram montagens que mostravam celebridades que nunca estiveram presentes no casamento, incluindo Shakira.<\/p>\n<p>Ali\u00e1s, a revista norte-americana ELLE fez um comp\u00eandio com todas as celebridades que marcaram presen\u00e7a no casamento neste <a href=\"https:\/\/www.elle.com\/culture\/celebrities\/a71497882\/dua-lipa-callum-turner-italy-wedding-celebrity-guests\/\" target=\"_blank\" rel=\"noopener nofollow\">artigo<\/a>, que n\u00e3o inclui a cantora colombiana. Inclui, sim, a cantora Charli xcx, que \u00e9 usada na imagem manipulada e que esteve de facto no evento.<\/p>\n<p>Um olhar mais atento nas supostas fotografias de Shakira permite detetar algumas inconsist\u00eancias na imagens disseminadas: numa foto a cantora tem dois aneis na m\u00e3o direita, noutra apenas um e noutras nenhum. S\u00e3o erros t\u00edpicos de uma imagem que foi criada artificialmente. Ainda assim, subtemos a imagem \u00e0 ferramenta de dete\u00e7\u00e3o de IA da Google. A resposta: \u201cCom base na an\u00e1lise t\u00e9cnica da imagem que enviou, a maior parte ou a totalidade desta imagem foi gerada ou editada utilizando a intelig\u00eancia artificial do Google.\u201d<\/p>\n<p class=\"tinymceh1\"><strong>Conclus\u00e3o<\/strong><\/p>\n<p>As imagens s\u00e3o falsas e foram criadas com recurso a intelig\u00eancia artificial. A cantora Shakira n\u00e3o foi uma das convidadas da cerim\u00f3nia.<\/p>\n<p>Assim, de acordo com o sistema de classifica\u00e7\u00e3o do Observador, este conte\u00fado \u00e9:<\/p>\n<p><strong>ERRADO<\/strong><\/p>\n<p>No\u00a0<a href=\"https:\/\/www.facebook.com\/business\/help\/2593586717571940\" target=\"_blank\" rel=\"noopener nofollow\">sistema de classifica\u00e7\u00e3o do Facebook<\/a>,\u00a0este conte\u00fado \u00e9:<\/p>\n<p><strong>FALSO:\u00a0<\/strong>As principais alega\u00e7\u00f5es do conte\u00fado s\u00e3o factualmente imprecisas. Geralmente, esta op\u00e7\u00e3o corresponde \u00e0s classifica\u00e7\u00f5es \u201cfalso\u201d ou \u201cmaioritariamente falso\u201d nos sites de verificadores de factos.<\/p>\n<p><strong>NOTA: este conte\u00fado foi selecionado pelo Observador no \u00e2mbito de uma parceria de fact checking com o Facebook.<\/strong><\/p>\n<p>\n                <a href=\"https:\/\/ifcncodeofprinciples.poynter.org\/profile\/observador-fact-check\" title=\"O Observador \u00e9 membro do IFCN\" target=\"_blank\" rel=\"nofollow noopener\"><br \/>\n                    <img decoding=\"async\" src=\"https:\/\/www.europesays.com\/pt\/wp-content\/uploads\/2026\/05\/77110938-3E82-34EE-7F24-CCAB079FBA5E.png\" style=\"height: 140px;\" alt=\"IFCN Badge\"\/><br \/>\n                <\/a>\n            <\/p>\n","protected":false},"excerpt":{"rendered":"Est\u00e3o a circular nas redes sociais v\u00e1rias imagens que alegadamente mostram a cantora Shakira entre os convidados do&hellip;\n","protected":false},"author":2,"featured_media":388801,"comment_status":"","ping_status":"","sticky":false,"template":"","format":"standard","meta":{"footnotes":"","_share_on_mastodon":"0"},"categories":[145],"tags":[211,210,114,115,7316,186,861,32,33],"class_list":["post-436582","post","type-post","status-publish","format-standard","has-post-thumbnail","category-celebridades","tag-celebridades","tag-celebrities","tag-entertainment","tag-entretenimento","tag-fact-check","tag-lifestyle","tag-observador","tag-portugal","tag-pt"],"share_on_mastodon":{"url":"https:\/\/pubeurope.com\/@pt\/116844650517014797","error":""},"_links":{"self":[{"href":"https:\/\/www.europesays.com\/pt\/wp-json\/wp\/v2\/posts\/436582","targetHints":{"allow":["GET"]}}],"collection":[{"href":"https:\/\/www.europesays.com\/pt\/wp-json\/wp\/v2\/posts"}],"about":[{"href":"https:\/\/www.europesays.com\/pt\/wp-json\/wp\/v2\/types\/post"}],"author":[{"embeddable":true,"href":"https:\/\/www.europesays.com\/pt\/wp-json\/wp\/v2\/users\/2"}],"replies":[{"embeddable":true,"href":"https:\/\/www.europesays.com\/pt\/wp-json\/wp\/v2\/comments?post=436582"}],"version-history":[{"count":0,"href":"https:\/\/www.europesays.com\/pt\/wp-json\/wp\/v2\/posts\/436582\/revisions"}],"wp:featuredmedia":[{"embeddable":true,"href":"https:\/\/www.europesays.com\/pt\/wp-json\/wp\/v2\/media\/388801"}],"wp:attachment":[{"href":"https:\/\/www.europesays.com\/pt\/wp-json\/wp\/v2\/media?parent=436582"}],"wp:term":[{"taxonomy":"category","embeddable":true,"href":"https:\/\/www.europesays.com\/pt\/wp-json\/wp\/v2\/categories?post=436582"},{"taxonomy":"post_tag","embeddable":true,"href":"https:\/\/www.europesays.com\/pt\/wp-json\/wp\/v2\/tags?post=436582"}],"curies":[{"name":"wp","href":"https:\/\/api.w.org\/{rel}","templated":true}]}}