{"id":437219,"date":"2026-07-01T23:51:10","date_gmt":"2026-07-01T23:51:10","guid":{"rendered":"https:\/\/www.europesays.com\/pt\/437219\/"},"modified":"2026-07-01T23:51:10","modified_gmt":"2026-07-01T23:51:10","slug":"prime-day-2026-5-tvs-em-promocao-na-amazon-para-assistir-a-copa-do-mundo","status":"publish","type":"post","link":"https:\/\/www.europesays.com\/pt\/437219\/","title":{"rendered":"Prime Day 2026: 5 TVs em promo\u00e7\u00e3o na Amazon para assistir a Copa do Mundo"},"content":{"rendered":"<p><a href=\"https:\/\/fastcompanybrasil.com\/autor\/lilian-campos\/\" rel=\"nofollow noopener\" target=\"_blank\">Lilian Campos<\/a><\/p>\n<p>2 minutos de leitura\t<\/p>\n<p class=\"wp-block-paragraph\">A Amazon realiza, entre os dias <strong>01 e 07 de julho de 2026<\/strong>, mais uma edi\u00e7\u00e3o do <strong>Prime Day<\/strong>, campanha promocional exclusiva para assinantes do Amazon Prime que re\u00fane descontos em produtos de diferentes categorias.<\/p>\n<p class=\"wp-block-paragraph\">Entre as ofertas, as TVs aparecem como uma das principais apostas para quem pretende acompanhar os jogos decisivos da <strong>Copa do Mundo 2026<\/strong> com mais qualidade de imagem.\u00a0<\/p>\n<p class=\"wp-block-paragraph\">A competi\u00e7\u00e3o segue at\u00e9 <strong>19 de julho<\/strong>, data da grande final, que ser\u00e1 disputada no est\u00e1dio de Nova York e Nova Jersey<strong>, nos Estados Unidos<\/strong>, um dos tr\u00eas pa\u00edses-sede do torneio ao lado de Canad\u00e1 e M\u00e9xico.<\/p>\n<p><strong>O QUE \u00c9 O PRIME DAY?<\/strong><\/p>\n<p class=\"wp-block-paragraph\"><a href=\"https:\/\/www.aboutamazon.com.br\/noticias\/loja\/quando-e-o-prime-day-2026-aproveite-as-ofertas-de-1-a-7-de-julho\" target=\"_blank\" rel=\"noreferrer noopener nofollow\">Segundo a Amazon<\/a>, o Prime Day \u00e9 um evento anual de ofertas voltado exclusivamente para membros do <strong>Amazon Prime<\/strong>.\u00a0Durante a campanha, assinantes podem acessar descontos em diversas categorias, incluindo tecnologia, eletrodom\u00e9sticos, livros, moda, casa e cozinha. Nesta edi\u00e7\u00e3o, as promo\u00e7\u00f5es ficam dispon\u00edveis at\u00e9 <strong>07 de julho de 2026<\/strong>, enquanto durarem os estoques.<\/p>\n<p><strong>1. Hisense QLED 55&#8243; 4K<\/strong><\/p>\n<p class=\"wp-block-paragraph\">Modelo QLED com resolu\u00e7\u00e3o 4K, recursos voltados para esportes, HDR e sistema inteligente compat\u00edvel com os principais aplicativos de streaming. \u00c9 uma op\u00e7\u00e3o interessante para quem procura uma tela maior para acompanhar os jogos.<\/p>\n<p><strong>2. Philips Ambilight 65&#8243; 4K<\/strong><\/p>\n<p class=\"wp-block-paragraph\">O modelo traz tecnologia Ambilight, que projeta luzes nas paredes acompanhando as cores exibidas na tela, al\u00e9m de resolu\u00e7\u00e3o 4K e recursos voltados para jogos e filmes.<\/p>\n<p><strong>3. Hisense 40&#8243; Full HD<\/strong><\/p>\n<p class=\"wp-block-paragraph\">Para quem busca uma op\u00e7\u00e3o mais compacta, esta TV oferece resolu\u00e7\u00e3o Full HD, assistente virtual integrado e compatibilidade com diferentes plataformas de streaming.<\/p>\n<p><strong>4. TCL QLED 40&#8243; Smart TV Google TV<\/strong><\/p>\n<p class=\"wp-block-paragraph\">A TCL re\u00fane painel QLED, Google TV e integra\u00e7\u00e3o com assistentes de voz, oferecendo boa qualidade de imagem para esportes, filmes e s\u00e9ries.<\/p>\n<p><strong>5. SEMP 43&#8243; UHD Google TV<\/strong><\/p>\n<p class=\"wp-block-paragraph\">Com resolu\u00e7\u00e3o 4K UHD e sistema Google TV, o modelo re\u00fane acesso aos principais aplicativos de streaming e comandos por voz, sendo outra alternativa para acompanhar as partidas da Copa.<\/p>\n<p><strong>COPA DO MUNDO ENTRA NA FASE DECISIVA<\/strong><\/p>\n<p class=\"wp-block-paragraph\">A <a href=\"https:\/\/fastcompanybrasil.com\/tag\/copa-do-mundo-2026\" target=\"_blank\" rel=\"noreferrer noopener nofollow\">Copa do Mundo 2026<\/a> j\u00e1 est\u00e1 na fase de <strong>16 avos de final<\/strong>, que antecede as oitavas. Os confrontos eliminat\u00f3rios definem quais sele\u00e7\u00f5es seguir\u00e3o vivas na disputa pelo t\u00edtulo at\u00e9 a grande decis\u00e3o, marcada para <strong>19 de julho<\/strong>.<\/p>\n<p class=\"wp-block-paragraph\"><a href=\"https:\/\/www.fifa.com\/pt\/tournaments\/mens\/worldcup\/canadamexicousa2026\/articles\/copa-mundo-2026-tabela-jogos\" target=\"_blank\" rel=\"noreferrer noopener nofollow\">Segundo a FIFA<\/a>, as <strong>oitavas de final<\/strong> come\u00e7am no pr\u00f3ximo <strong>s\u00e1bado, 04 de julho<\/strong>, com os confrontos entre <strong>Canad\u00e1 x Marrocos<\/strong> e <strong>Paraguai x Fran\u00e7a<\/strong>. J\u00e1 a Sele\u00e7\u00e3o Brasileira volta a campo no <strong>domingo, 05 de julho<\/strong>, quando enfrenta a <strong>Noruega<\/strong> em busca de uma vaga nas quartas de final.<\/p>\n<p class=\"wp-block-paragraph\">Para quem pretende trocar de televis\u00e3o, o <a href=\"https:\/\/fastcompanybrasil.com\/tech\/a-amazon-quer-que-anuncios-facam-compras-por-voce\/\" target=\"_blank\" rel=\"noreferrer noopener nofollow\">Prime<\/a> Day acontece justamente em um momento decisivo da competi\u00e7\u00e3o.<\/p>\n<p class=\"wp-block-paragraph\">A Fast Company Brasil pode receber comiss\u00e3o da Amazon a partir de vendas feitas pelos links citados acima.<\/p>\n<p><img decoding=\"async\" src=\"\" alt=\"\"\/><\/p>\n<p>SOBRE A AUTORA<\/p>\n<p>\t\t<a href=\"https:\/\/fastcompanybrasil.com\/autor\/lilian-campos\/\" rel=\"nofollow noopener\" target=\"_blank\"><\/p>\n<p class=\"description\">Lilian Campos \u00e9 jornalista colaboradora da Fast Company Brasil.\tsaiba mais<\/p>\n<p><\/a><\/p>\n","protected":false},"excerpt":{"rendered":"Lilian Campos 2 minutos de leitura A Amazon realiza, entre os dias 01 e 07 de julho de&hellip;\n","protected":false},"author":2,"featured_media":437220,"comment_status":"","ping_status":"","sticky":false,"template":"","format":"standard","meta":{"footnotes":"","_share_on_mastodon":"0"},"categories":[84],"tags":[514,109,107,108,3969,32,33,318,105,103,104,16798,5856,106,110],"class_list":["post-437219","post","type-post","status-publish","format-standard","has-post-thumbnail","category-ciencia-e-tecnologia","tag-amazon","tag-ciencia","tag-ciencia-e-tecnologia","tag-cienciaetecnologia","tag-compras","tag-portugal","tag-pt","tag-radar","tag-science","tag-science-and-technology","tag-scienceandtechnology","tag-smart-tv","tag-tech","tag-technology","tag-tecnologia"],"share_on_mastodon":{"url":"","error":""},"_links":{"self":[{"href":"https:\/\/www.europesays.com\/pt\/wp-json\/wp\/v2\/posts\/437219","targetHints":{"allow":["GET"]}}],"collection":[{"href":"https:\/\/www.europesays.com\/pt\/wp-json\/wp\/v2\/posts"}],"about":[{"href":"https:\/\/www.europesays.com\/pt\/wp-json\/wp\/v2\/types\/post"}],"author":[{"embeddable":true,"href":"https:\/\/www.europesays.com\/pt\/wp-json\/wp\/v2\/users\/2"}],"replies":[{"embeddable":true,"href":"https:\/\/www.europesays.com\/pt\/wp-json\/wp\/v2\/comments?post=437219"}],"version-history":[{"count":0,"href":"https:\/\/www.europesays.com\/pt\/wp-json\/wp\/v2\/posts\/437219\/revisions"}],"wp:featuredmedia":[{"embeddable":true,"href":"https:\/\/www.europesays.com\/pt\/wp-json\/wp\/v2\/media\/437220"}],"wp:attachment":[{"href":"https:\/\/www.europesays.com\/pt\/wp-json\/wp\/v2\/media?parent=437219"}],"wp:term":[{"taxonomy":"category","embeddable":true,"href":"https:\/\/www.europesays.com\/pt\/wp-json\/wp\/v2\/categories?post=437219"},{"taxonomy":"post_tag","embeddable":true,"href":"https:\/\/www.europesays.com\/pt\/wp-json\/wp\/v2\/tags?post=437219"}],"curies":[{"name":"wp","href":"https:\/\/api.w.org\/{rel}","templated":true}]}}