{"id":437229,"date":"2026-07-02T00:00:29","date_gmt":"2026-07-02T00:00:29","guid":{"rendered":"https:\/\/www.europesays.com\/pt\/437229\/"},"modified":"2026-07-02T00:00:29","modified_gmt":"2026-07-02T00:00:29","slug":"ela-ja-reagiu-catarina-miranda-desmente-advogado-de-afonso-leitao","status":"publish","type":"post","link":"https:\/\/www.europesays.com\/pt\/437229\/","title":{"rendered":"Ela j\u00e1 reagiu! Catarina Miranda desmente advogado de Afonso Leit\u00e3o"},"content":{"rendered":"<p><a href=\"https:\/\/selfie.iol.pt\/famosos\/catarina-miranda\/catarina-miranda-tera-destruido-bens-de-afonso-leitao-casacos-rasgados-material-eletronico-partido\/20260701\/6a44f8f7d34e28842c85cd8f\" rel=\"noopener noreferrer nofollow\" target=\"_blank\">Catarina Miranda<\/a> j\u00e1 reagiu ao mais recente cap\u00edtulo que envolve a ribatejana e Afonso Leit\u00e3o.<\/p>\n<p>Na emiss\u00e3o desta quarta-feira, dia 1, do programa &#8220;V+ Fama&#8221;, Adriano Silva Martins revelou que o jovem j\u00e1 recebeu os pertences que lhe faltavam da parte da ex-namorada. Por\u00e9m, &#8220;alegadamente, esses pertences n\u00e3o chegaram no estado em que deveriam ter chegado&#8221;, disse o apresentador.<\/p>\n<p>&#8220;Os casacos completamente rasgados com um x-ato. O material eletr\u00f3nico completamente partido. Um iPod destru\u00eddo. Tudo isto foi o que recebeu Afonso Leit\u00e3o. N\u00f3s fal\u00e1mos com o advogado do Afonso, que nos confirmou esta informa\u00e7\u00e3o, mas que disse que n\u00e3o iria fazer mais observa\u00e7\u00f5es sobre este caso publicamente, pelo respeito que tem pelo segredo de justi\u00e7a&#8221;, completou Adriano Silva Martins.<\/p>\n<p>Entretanto, num v\u00eddeo publicado no Instagram, <a href=\"https:\/\/selfie.iol.pt\/famosos\/big-brother\/apos-separacao-de-afonso-leitao-catarina-miranda-abre-as-portas-da-casa-nova-e-nao-ha-duvidas-linda\/20260629\/6a42b587d34edcee7c65d7bf\" rel=\"noopener noreferrer nofollow\" target=\"_blank\">Catarina Miranda<\/a> desmentiu o que o representante do ex-concorrente do reality show da <a href=\"https:\/\/tvi.iol.pt\/\" rel=\"noopener noreferrer nofollow\" target=\"_blank\">TVI<\/a> &#8220;<a href=\"https:\/\/tvi.iol.pt\/secretstory\/\" rel=\"noopener noreferrer nofollow\" target=\"_blank\">Secret Story<\/a> &#8211; Desafio Final&#8221; confirmou. &#8220;Todas estas acusa\u00e7\u00f5es que est\u00e3o a ser feitas n\u00e3o correspondem \u00e0 realidade&#8221;, afian\u00e7ou.<\/p>\n<p>Veja, agora, o v\u00eddeo com as informa\u00e7\u00f5es adiantadas no formato do <a href=\"https:\/\/tvi.iol.pt\/vmais\/\" rel=\"noopener noreferrer nofollow\" target=\"_blank\">V+<\/a>.<\/p>\n","protected":false},"excerpt":{"rendered":"Catarina Miranda j\u00e1 reagiu ao mais recente cap\u00edtulo que envolve a ribatejana e Afonso Leit\u00e3o. Na emiss\u00e3o desta&hellip;\n","protected":false},"author":2,"featured_media":402015,"comment_status":"","ping_status":"","sticky":false,"template":"","format":"standard","meta":{"footnotes":"","_share_on_mastodon":"0"},"categories":[142],"tags":[8559,2031,2632,15384,342,15383,114,115,6309,980,619,32,33,1014,1315,6985,15382,1012,6986,151,162,30142,43965,30143,6972,8560,30141,36326,10040],"class_list":["post-437229","post","type-post","status-publish","format-standard","has-post-thumbnail","category-tv","tag-adriano-silva-martins","tag-afonso-leitao","tag-casa-dos-segredos","tag-casa-dos-segredos-desafio-final","tag-catarina-miranda","tag-desafio-final","tag-entertainment","tag-entretenimento","tag-ex-concorrente","tag-famosos","tag-nacional","tag-portugal","tag-pt","tag-reality-show","tag-secret-story","tag-secret-story-casa-dos-segredos","tag-secret-story-desafio-final","tag-selfie","tag-ss","tag-tv","tag-tvi","tag-v-mais","tag-v-mais-fama","tag-v-mais-tvi","tag-vmais","tag-vmais-fama","tag-vmais-tvi","tag-vmaisfama","tag-vmaistvi"],"share_on_mastodon":{"url":"https:\/\/pubeurope.com\/@pt\/116847445495931689","error":""},"_links":{"self":[{"href":"https:\/\/www.europesays.com\/pt\/wp-json\/wp\/v2\/posts\/437229","targetHints":{"allow":["GET"]}}],"collection":[{"href":"https:\/\/www.europesays.com\/pt\/wp-json\/wp\/v2\/posts"}],"about":[{"href":"https:\/\/www.europesays.com\/pt\/wp-json\/wp\/v2\/types\/post"}],"author":[{"embeddable":true,"href":"https:\/\/www.europesays.com\/pt\/wp-json\/wp\/v2\/users\/2"}],"replies":[{"embeddable":true,"href":"https:\/\/www.europesays.com\/pt\/wp-json\/wp\/v2\/comments?post=437229"}],"version-history":[{"count":0,"href":"https:\/\/www.europesays.com\/pt\/wp-json\/wp\/v2\/posts\/437229\/revisions"}],"wp:featuredmedia":[{"embeddable":true,"href":"https:\/\/www.europesays.com\/pt\/wp-json\/wp\/v2\/media\/402015"}],"wp:attachment":[{"href":"https:\/\/www.europesays.com\/pt\/wp-json\/wp\/v2\/media?parent=437229"}],"wp:term":[{"taxonomy":"category","embeddable":true,"href":"https:\/\/www.europesays.com\/pt\/wp-json\/wp\/v2\/categories?post=437229"},{"taxonomy":"post_tag","embeddable":true,"href":"https:\/\/www.europesays.com\/pt\/wp-json\/wp\/v2\/tags?post=437229"}],"curies":[{"name":"wp","href":"https:\/\/api.w.org\/{rel}","templated":true}]}}