{"id":43730,"date":"2025-08-25T02:27:15","date_gmt":"2025-08-25T02:27:15","guid":{"rendered":"https:\/\/www.europesays.com\/pt\/43730\/"},"modified":"2025-08-25T02:27:15","modified_gmt":"2025-08-25T02:27:15","slug":"diogo-jota-o-pedido-de-um-amigo-que-esta-a-emocionar-tudo-e-todos-cada-vez-que","status":"publish","type":"post","link":"https:\/\/www.europesays.com\/pt\/43730\/","title":{"rendered":"Diogo Jota- O pedido de um amigo que est\u00e1 a emocionar tudo e todos: &#8220;Cada vez que&#8230;&#8221;"},"content":{"rendered":"<p>Na antevis\u00e3o do jogo do Al-Nassr, o craque revelou de que forma gostava de ver o amigo homenageado dentro de campo.<\/p>\n<p><strong>\u201cO Diogo para mim sempre foi dos meus melhores amigos na Sele\u00e7\u00e3o.<\/strong> Est\u00e1vamos sempre juntos, joguei in\u00fameras vezes contra ele. Conhecia bem a fam\u00edlia dele, n\u00e3o merecia nada disto\u201d, come\u00e7ou por dizer.<\/p>\n<p>E confessou: \u201cAcho que ficar\u00e1 marcado para sempre na hist\u00f3ria do futebol. <strong>Como disse aos meus colegas,<\/strong> cada vez que entremos em campo que nos lembremos dele e que joguemos por ele\u201d.<\/p>\n<p>Texto: Maria Constan\u00e7a Castanheira; Fotos: Redes Sociais<\/p>\n<blockquote class=\"wp-embedded-content\" data-secret=\"qAUGE57WxG\">\n<p><a href=\"https:\/\/www.vip.pt\/rute-cardoso-quem-e-o-homem-que-nao-lhe-largou-a-mao-nem-um-segundo-apos-a-morte-de-diogo-jota\" rel=\"nofollow noopener\" target=\"_blank\">Quem \u00e9 o homem que n\u00e3o lhe largou a m\u00e3o nem um segundo ap\u00f3s a morte de Diogo Jota<\/a><\/p>\n<\/blockquote>\n","protected":false},"excerpt":{"rendered":"Na antevis\u00e3o do jogo do Al-Nassr, o craque revelou de que forma gostava de ver o amigo homenageado&hellip;\n","protected":false},"author":2,"featured_media":43731,"comment_status":"","ping_status":"","sticky":false,"template":"","format":"standard","meta":{"footnotes":""},"categories":[145],"tags":[211,210,114,115,32,33],"class_list":{"0":"post-43730","1":"post","2":"type-post","3":"status-publish","4":"format-standard","5":"has-post-thumbnail","7":"category-celebridades","8":"tag-celebridades","9":"tag-celebrities","10":"tag-entertainment","11":"tag-entretenimento","12":"tag-portugal","13":"tag-pt"},"share_on_mastodon":{"url":"","error":""},"_links":{"self":[{"href":"https:\/\/www.europesays.com\/pt\/wp-json\/wp\/v2\/posts\/43730","targetHints":{"allow":["GET"]}}],"collection":[{"href":"https:\/\/www.europesays.com\/pt\/wp-json\/wp\/v2\/posts"}],"about":[{"href":"https:\/\/www.europesays.com\/pt\/wp-json\/wp\/v2\/types\/post"}],"author":[{"embeddable":true,"href":"https:\/\/www.europesays.com\/pt\/wp-json\/wp\/v2\/users\/2"}],"replies":[{"embeddable":true,"href":"https:\/\/www.europesays.com\/pt\/wp-json\/wp\/v2\/comments?post=43730"}],"version-history":[{"count":0,"href":"https:\/\/www.europesays.com\/pt\/wp-json\/wp\/v2\/posts\/43730\/revisions"}],"wp:featuredmedia":[{"embeddable":true,"href":"https:\/\/www.europesays.com\/pt\/wp-json\/wp\/v2\/media\/43731"}],"wp:attachment":[{"href":"https:\/\/www.europesays.com\/pt\/wp-json\/wp\/v2\/media?parent=43730"}],"wp:term":[{"taxonomy":"category","embeddable":true,"href":"https:\/\/www.europesays.com\/pt\/wp-json\/wp\/v2\/categories?post=43730"},{"taxonomy":"post_tag","embeddable":true,"href":"https:\/\/www.europesays.com\/pt\/wp-json\/wp\/v2\/tags?post=43730"}],"curies":[{"name":"wp","href":"https:\/\/api.w.org\/{rel}","templated":true}]}}