{"id":437325,"date":"2026-07-02T02:04:40","date_gmt":"2026-07-02T02:04:40","guid":{"rendered":"https:\/\/www.europesays.com\/pt\/437325\/"},"modified":"2026-07-02T02:04:40","modified_gmt":"2026-07-02T02:04:40","slug":"sem-papas-na-lingua-apos-desafio-final-leandro-deixa-desafio-a-pedro-jorge-ele-que-admita-dois-as-10","status":"publish","type":"post","link":"https:\/\/www.europesays.com\/pt\/437325\/","title":{"rendered":"Sem papas na l\u00edngua. Ap\u00f3s Desafio Final, Leandro deixa desafio a Pedro Jorge: \u00abEle que admita\u00bb &#8211; Dois \u00e0s 10"},"content":{"rendered":"<p>                             Leandro esteve no programa Dois \u00e0s 10, da TVI, onde fez um balan\u00e7o da participa\u00e7\u00e3o no Secret Story \u2013 Desafio Final e falou de um assunto pol\u00e9mico<\/p>\n<p data-end=\"300\" data-start=\"114\">Durante a entrevista, Cl\u00e1udio Ramos confrontou o ex-concorrente com uma das maiores pol\u00e9micas da edi\u00e7\u00e3o: a acusa\u00e7\u00e3o de homofobia dirigida a Jo\u00e3o Ricardo por Pedro Jorge.<\/p>\n<p data-end=\"601\" data-start=\"473\">Sem rodeios, Leandro criticou a postura do vencedor do reality show e garantiu que a acusa\u00e7\u00e3o foi usada como estrat\u00e9gia de jogo.\u00a0<strong data-end=\"818\" data-start=\"603\">\u00abO Pedro disse que fez em sentido de defesa. Cl\u00e1udio, vamos ser honestos e transparentes. O Pedro n\u00e3o o fez em modo de defesa, ele que admita. O Pedro fez isso como arma de arremesso comigo e com o Jo\u00e3o Ricardo\u00bb<\/strong>, afirmou.<\/p>\n<p data-end=\"941\" data-start=\"830\">Leandro considerou ainda que Pedro Jorge utilizou um tema s\u00e9rio sem conhecer verdadeiramente o seu significado.\u00a0<strong data-end=\"1029\" data-start=\"943\">\u00abO Pedro ataca o Jo\u00e3o Ricardo com uma palavra que ele n\u00e3o sabe o significado dela\u00bb<\/strong>, atirou, antes de explicar: <strong data-end=\"1204\" data-start=\"1058\">\u00abPosso-lhe dizer o que \u00e9 um homof\u00f3bico: \u00e9 uma pessoa que tem avers\u00e3o, n\u00e3o consegue conviver, inferioriza e rebaixa esse g\u00e9nero de sexualidade\u00bb<\/strong>.<\/p>\n<p data-end=\"1355\" data-start=\"1207\">Apesar de admitir que Jo\u00e3o Ricardo teve atitudes que o magoaram dentro da casa, Leandro fez quest\u00e3o de distinguir esses comportamentos da homofobia.\u00a0<strong data-end=\"1440\" data-start=\"1357\">\u00abO Jo\u00e3o Ricardo desrespeitou-me, ridicularizou-me e criticou os meus trejeitos\u00bb<\/strong>, confessou, acrescentando, contudo: <strong data-end=\"1590\" data-start=\"1477\">\u00abN\u00e3o deixei passar em branco. Agora tamb\u00e9m n\u00e3o permito que um advers\u00e1rio utilize esse tema e banalize o tema\u00bb<\/strong>.<\/p>\n<p data-end=\"1709\" data-is-last-node=\"\" data-is-only-node=\"\" data-start=\"1593\">O ex-concorrente terminou refor\u00e7ando que considera importante n\u00e3o desvalorizar nem banalizar assuntos t\u00e3o sens\u00edveis.<\/p>\n","protected":false},"excerpt":{"rendered":"Leandro esteve no programa Dois \u00e0s 10, da TVI, onde fez um balan\u00e7o da participa\u00e7\u00e3o no Secret Story&hellip;\n","protected":false},"author":2,"featured_media":437326,"comment_status":"","ping_status":"","sticky":false,"template":"","format":"standard","meta":{"footnotes":"","_share_on_mastodon":"0"},"categories":[142],"tags":[329,166,15383,3412,3406,3409,801,3410,3411,3407,3408,114,115,12397,3413,338,21416,32,33,1315,151],"class_list":["post-437325","post","type-post","status-publish","format-standard","has-post-thumbnail","category-tv","tag-claudio-ramos","tag-cristina-ferreira","tag-desafio-final","tag-dois-10","tag-dois-a-s-10-dois-a-s-10","tag-dois-a-s-dez","tag-dois-as-10","tag-dois-as-dez","tag-dois-dez","tag-doisas10","tag-doisasdez","tag-entertainment","tag-entretenimento","tag-leandro","tag-manha-tvi","tag-maria-botelho-moniz","tag-pedro-jorge","tag-portugal","tag-pt","tag-secret-story","tag-tv"],"share_on_mastodon":{"url":"https:\/\/pubeurope.com\/@pt\/116847933339029246","error":""},"_links":{"self":[{"href":"https:\/\/www.europesays.com\/pt\/wp-json\/wp\/v2\/posts\/437325","targetHints":{"allow":["GET"]}}],"collection":[{"href":"https:\/\/www.europesays.com\/pt\/wp-json\/wp\/v2\/posts"}],"about":[{"href":"https:\/\/www.europesays.com\/pt\/wp-json\/wp\/v2\/types\/post"}],"author":[{"embeddable":true,"href":"https:\/\/www.europesays.com\/pt\/wp-json\/wp\/v2\/users\/2"}],"replies":[{"embeddable":true,"href":"https:\/\/www.europesays.com\/pt\/wp-json\/wp\/v2\/comments?post=437325"}],"version-history":[{"count":0,"href":"https:\/\/www.europesays.com\/pt\/wp-json\/wp\/v2\/posts\/437325\/revisions"}],"wp:featuredmedia":[{"embeddable":true,"href":"https:\/\/www.europesays.com\/pt\/wp-json\/wp\/v2\/media\/437326"}],"wp:attachment":[{"href":"https:\/\/www.europesays.com\/pt\/wp-json\/wp\/v2\/media?parent=437325"}],"wp:term":[{"taxonomy":"category","embeddable":true,"href":"https:\/\/www.europesays.com\/pt\/wp-json\/wp\/v2\/categories?post=437325"},{"taxonomy":"post_tag","embeddable":true,"href":"https:\/\/www.europesays.com\/pt\/wp-json\/wp\/v2\/tags?post=437325"}],"curies":[{"name":"wp","href":"https:\/\/api.w.org\/{rel}","templated":true}]}}